{"id":904092,"date":"2026-02-09T10:09:52","date_gmt":"2026-02-09T09:09:52","guid":{"rendered":"https:\/\/new.gradski.me\/uncategorized\/nastavljena-potraga-za-nestalima-u-moraci-vidljivost-nesto-bolja\/"},"modified":"2026-02-09T10:09:52","modified_gmt":"2026-02-09T09:09:52","slug":"nastavljena-potraga-za-nestalima-u-moraci-vidljivost-nesto-bolja","status":"publish","type":"post","link":"https:\/\/gradski.me\/en\/hronika\/nastavljena-potraga-za-nestalima-u-moraci-vidljivost-nesto-bolja\/","title":{"rendered":"Nastavljena potraga za nestalima u Mora\u010di, vidljivost ne\u0161to bolja"},"content":{"rendered":"<p><br><br><\/p>\n\n\n\n<p>&#8222;Danas je vidljivost u vodi ne\u0161to bolja i iznosi pribli\u017eno jedan metar, \u0161to je i dalje nezadovoljavaju\u0107e za efikasnu ronila\u010dku pretragu. Poseban problem predstavlja izuzetno jaka brzina buji\u010dne vode u koritu rijeke, \u0161to zna\u010dajno ote\u017eava rad timova&#8220;, rekao je Portalu RTCG direktor Regionalnog centra Bijela Danilo Mijajlovi\u0107.<\/p>\n\n\n\n<p>U odnosu na pregledanu zonu, druga dva tima ronilaca nastavljaju sa kontrolisanom pretragom terena, uz maksimalan oprez i po\u0161tovanje bezbjednosnih procedura.<\/p>\n\n\n\n<p>&#8222;Radi se o veoma te\u0161koj i zahtjevnoj akciji zbog lo\u0161e vidljivosti i veoma brzog vodotoka u ovom podru\u010dju&#8220;, ka\u017ee on.<\/p>\n\n\n\n<p><\/p>","protected":false},"excerpt":{"rendered":"<p>Prvi tim ronilaca Regionalnog centra Bijela zavr\u0161io je pretragu predvi\u0111ene zone, u okviru akcije potrage za osobom, ili vi\u0161e njih, koja je preksino\u0107 kod mosta Lu\u010da u Podgorici automobilom sletjela u nabujalu rijeku.<\/p>","protected":false},"author":5,"featured_media":904093,"comment_status":"open","ping_status":"open","sticky":false,"template":"","format":"standard","meta":{"_acf_changed":false,"footnotes":"","jetpack_publicize_message":"","jetpack_publicize_feature_enabled":true,"jetpack_social_post_already_shared":false,"jetpack_social_options":{"image_generator_settings":{"template":"highway","default_image_id":0,"font":"","enabled":false},"version":2}},"categories":[10],"tags":[18565,18662,14868],"naslovna":[],"class_list":["post-904092","post","type-post","status-publish","format-standard","has-post-thumbnail","hentry","category-hronika","tag-nestali","tag-oraca","tag-potraga"],"acf":[],"jetpack_publicize_connections":[],"_links":{"self":[{"href":"https:\/\/gradski.me\/en\/wp-json\/wp\/v2\/posts\/904092","targetHints":{"allow":["GET"]}}],"collection":[{"href":"https:\/\/gradski.me\/en\/wp-json\/wp\/v2\/posts"}],"about":[{"href":"https:\/\/gradski.me\/en\/wp-json\/wp\/v2\/types\/post"}],"author":[{"embeddable":true,"href":"https:\/\/gradski.me\/en\/wp-json\/wp\/v2\/users\/5"}],"replies":[{"embeddable":true,"href":"https:\/\/gradski.me\/en\/wp-json\/wp\/v2\/comments?post=904092"}],"version-history":[{"count":0,"href":"https:\/\/gradski.me\/en\/wp-json\/wp\/v2\/posts\/904092\/revisions"}],"wp:featuredmedia":[{"embeddable":true,"href":"https:\/\/gradski.me\/en\/wp-json\/wp\/v2\/media\/904093"}],"wp:attachment":[{"href":"https:\/\/gradski.me\/en\/wp-json\/wp\/v2\/media?parent=904092"}],"wp:term":[{"taxonomy":"category","embeddable":true,"href":"https:\/\/gradski.me\/en\/wp-json\/wp\/v2\/categories?post=904092"},{"taxonomy":"post_tag","embeddable":true,"href":"https:\/\/gradski.me\/en\/wp-json\/wp\/v2\/tags?post=904092"},{"taxonomy":"naslovna","embeddable":true,"href":"https:\/\/gradski.me\/en\/wp-json\/wp\/v2\/naslovna?post=904092"}],"curies":[{"name":"wp","href":"https:\/\/api.w.org\/{rel}","templated":true}]}}