{"id":904076,"date":"2026-02-09T09:42:00","date_gmt":"2026-02-09T08:42:00","guid":{"rendered":"https:\/\/new.gradski.me\/uncategorized\/institut-pokrece-monitoring-obmanjujucih-reklamnih-poruka-na-crnogorskom-trzistu\/"},"modified":"2026-02-09T09:42:00","modified_gmt":"2026-02-09T08:42:00","slug":"institut-pokrece-monitoring-obmanjujucih-reklamnih-poruka-na-crnogorskom-trzistu","status":"publish","type":"post","link":"https:\/\/gradski.me\/en\/uncategorized\/institut-pokrece-monitoring-obmanjujucih-reklamnih-poruka-na-crnogorskom-trzistu\/","title":{"rendered":"The Institute launches monitoring of misleading advertising messages on the Montenegrin market"},"content":{"rendered":"<p><\/p>\n\n\n\n<p><\/p>\n\n\n\n<p>Kako je kazao, pravni osnov za zapo\u010dete aktivnosti monitoringa sadr\u017ean je u \u010dlanu 29 Zakona o za\u0161titi potro\u0161a\u010da koji zabranjuje ogla\u0161avanje koje potro\u0161a\u010da dovodi u zabludu, podsti\u010de pona\u0161anje \u0161tetno po zdravlje i sigurnost i koje mo\u017ee ugroziti psihi\u010dki razvoj maloljetnih lica.<\/p>\n\n\n\n<p>\u201cZakon o nedozvoljenom ogla\u0161avanju dodatno zabranjuje obmanjuju\u0107e ogla\u0161avanje koje uti\u010de na ekonomsko pona\u0161anje primaoca poruke, uz posebna ograni\u010denja u osjetljivim oblastima\u201d, navodi Rabrenovi\u0107.<\/p>\n\n\n\n<p>On je pojasnio \u0161ta to obuhvata monitoring.<\/p>\n\n\n\n<p>\u201cPra\u0107enje obuhvata sve kanale tr\u017ei\u0161ne komunikacije:<br>\u2013 digitalni prostor (dru\u0161tvene mre\u017ee, influenserske promocije, sponzorisani sadr\u017eaji, internet oglasi)<br>\u2013 direktni marketing (SMS, Viber, WhatsApp, e-mail kampanje, newsletter sadr\u017eaji)<br>\u2013 prodajna mjesta i promotivne materijale putem posrednika<br>\u2013 sve navode o \u201egarantovanim\u201c efektima i neprovjerenim zdravstvenim koristim\u201d, navodi Rabrenovi\u0107.<\/p>\n\n\n\n<p>Prema njegovim rije\u010dima, nalazi \u0107e biti prikupljani sistemati\u010dno: arhiviranje sadr\u017eaja sa vremenskim ozna\u010davanjem, identifikacija kanala i na\u010dina ogla\u0161avanja. Na osnovu prikupljene dokumentacije bi\u0107e sa\u010dinjen analiti\u010dki izvje\u0161taj. Gdje postoji osnov sumnje na povredu propisa, informacije \u0107e biti dostavljene nadle\u017enim organima radi postupanja u okviru zakonskih ovla\u0161\u0107enja.<\/p>\n\n\n\n<p>Tako\u0111e isti\u010de da \u0107e, o sistemskim rizicima i trendovima Institut informisati javnost.<\/p>\n\n\n\n<p>\u201cZa\u0161tita potro\u0161a\u010da nije apstraktan princip to je konkretna obaveza da se sprije\u010di zabluda, ekonomska \u0161teta i rizik po zdravlje gra\u0111ana. Posebnu odgovornost imamo prema djeci i osjetljivim grupama, gdje svaka manipulativna poruka proizvodi posljedice koje prevazilaze pojedina\u010dnu kupovinu i zadiru u temeljna prava potro\u0161a\u010da\u201d, zaklju\u010dio je Rabrenovi\u0107.<\/p>","protected":false},"excerpt":{"rendered":"<p>Institut ekonomskih nauka pokre\u0107e sistematsko pra\u0107enje tr\u017ei\u0161nih komunikacija u kojima se potro\u0161a\u010dima plasiraju reklamne poruke sa \u201egarantovanim\u201c zdravstvenim i drugim efektima naro\u010dito u sadr\u017eajima koji se ti\u010du djece i porodice. Rije\u010d je o praksi koja nije samo eti\u010dki sporna, ve\u0107 je u direktnoj suprotnosti sa va\u017ee\u0107im zakonodavstvom Crne Gore i EU, saop\u0161tio je ispred tog instituta\u00a0Jovo Rabrenovi\u0107.<\/p>","protected":false},"author":16,"featured_media":901017,"comment_status":"open","ping_status":"open","sticky":false,"template":"","format":"standard","meta":{"_acf_changed":false,"footnotes":"","jetpack_publicize_message":"","jetpack_publicize_feature_enabled":true,"jetpack_social_post_already_shared":false,"jetpack_social_options":{"image_generator_settings":{"template":"highway","default_image_id":0,"font":"","enabled":false},"version":2}},"categories":[1],"tags":[584,17567],"naslovna":[],"class_list":["post-904076","post","type-post","status-publish","format-standard","has-post-thumbnail","hentry","category-uncategorized","tag-institut-ekonomskih-nauka","tag-jovan-rabrenovic"],"acf":[],"jetpack_publicize_connections":[],"_links":{"self":[{"href":"https:\/\/gradski.me\/en\/wp-json\/wp\/v2\/posts\/904076","targetHints":{"allow":["GET"]}}],"collection":[{"href":"https:\/\/gradski.me\/en\/wp-json\/wp\/v2\/posts"}],"about":[{"href":"https:\/\/gradski.me\/en\/wp-json\/wp\/v2\/types\/post"}],"author":[{"embeddable":true,"href":"https:\/\/gradski.me\/en\/wp-json\/wp\/v2\/users\/16"}],"replies":[{"embeddable":true,"href":"https:\/\/gradski.me\/en\/wp-json\/wp\/v2\/comments?post=904076"}],"version-history":[{"count":0,"href":"https:\/\/gradski.me\/en\/wp-json\/wp\/v2\/posts\/904076\/revisions"}],"wp:featuredmedia":[{"embeddable":true,"href":"https:\/\/gradski.me\/en\/wp-json\/wp\/v2\/media\/901017"}],"wp:attachment":[{"href":"https:\/\/gradski.me\/en\/wp-json\/wp\/v2\/media?parent=904076"}],"wp:term":[{"taxonomy":"category","embeddable":true,"href":"https:\/\/gradski.me\/en\/wp-json\/wp\/v2\/categories?post=904076"},{"taxonomy":"post_tag","embeddable":true,"href":"https:\/\/gradski.me\/en\/wp-json\/wp\/v2\/tags?post=904076"},{"taxonomy":"naslovna","embeddable":true,"href":"https:\/\/gradski.me\/en\/wp-json\/wp\/v2\/naslovna?post=904076"}],"curies":[{"name":"wp","href":"https:\/\/api.w.org\/{rel}","templated":true}]}}