{"id":903866,"date":"2026-02-07T16:48:00","date_gmt":"2026-02-07T15:48:00","guid":{"rendered":"https:\/\/new.gradski.me\/uncategorized\/sutjeska-remizirala-sa-otrantom\/"},"modified":"2026-02-07T16:48:00","modified_gmt":"2026-02-07T15:48:00","slug":"sutjeska-remizirala-sa-otrantom","status":"publish","type":"post","link":"https:\/\/gradski.me\/en\/sport\/sutjeska-remizirala-sa-otrantom\/","title":{"rendered":"Sutjeska remizirala sa Otrantom"},"content":{"rendered":"<p>Jesenji \u0161ampion je ve\u0107 u prom minutu poveo preko Vaska Kalezi\u0107a, a samo dva minuta kasnije kona\u010dan ishod postavio je Valentin Rudovi\u0107.<\/p>\n\n\n\n<p>Sutjeska je po\u010dela me\u010d u sljede\u0107em sastavu: Giljen (C) &#8211; Ra\u017enatovi\u0107, Vra\u010dar, Kopitovi\u0107, Damjanovi\u0107, \u0160\u0107eki\u0107, \u0160imun, Ho\u010dko, \u010ca\u0111enovi\u0107, Kalezi\u0107, \u010cavor<\/p>\n\n\n\n<p>U drugom poluvremenu igrali su: Vuk\u010devi\u0107 S &#8211; Dedi\u0107, \u0110ukanovi\u0107, Babi\u0107, \u0110inovi\u0107 (Vlahovi\u0107), Pajovi\u0107, Golubovi\u0107, Brnovi\u0107 (Garda\u0161evi\u0107), Jukovi\u0107, Ani\u010di\u0107, To\u0161kovi\u0107. <\/p>\n\n\n\n<p>Sutjeska naredni kontroli me\u010d igra protiv Jezera, u utorak. <\/p>","protected":false},"excerpt":{"rendered":"<p>Fudbaleri Sutjeske remizirali su sa Otrantom &#8211; 1:1 u sklopu priprema za prolje\u0107ni dio sezone.<\/p>","protected":false},"author":7,"featured_media":899647,"comment_status":"open","ping_status":"open","sticky":false,"template":"","format":"standard","meta":{"_acf_changed":false,"footnotes":"","jetpack_publicize_message":"","jetpack_publicize_feature_enabled":true,"jetpack_social_post_already_shared":false,"jetpack_social_options":{"image_generator_settings":{"template":"highway","default_image_id":0,"font":"","enabled":false},"version":2}},"categories":[15],"tags":[2868,624,1482],"naslovna":[],"class_list":["post-903866","post","type-post","status-publish","format-standard","has-post-thumbnail","hentry","category-sport","tag-fk-otrant","tag-fk-sutjeska","tag-pripreme"],"acf":[],"jetpack_publicize_connections":[],"_links":{"self":[{"href":"https:\/\/gradski.me\/en\/wp-json\/wp\/v2\/posts\/903866","targetHints":{"allow":["GET"]}}],"collection":[{"href":"https:\/\/gradski.me\/en\/wp-json\/wp\/v2\/posts"}],"about":[{"href":"https:\/\/gradski.me\/en\/wp-json\/wp\/v2\/types\/post"}],"author":[{"embeddable":true,"href":"https:\/\/gradski.me\/en\/wp-json\/wp\/v2\/users\/7"}],"replies":[{"embeddable":true,"href":"https:\/\/gradski.me\/en\/wp-json\/wp\/v2\/comments?post=903866"}],"version-history":[{"count":0,"href":"https:\/\/gradski.me\/en\/wp-json\/wp\/v2\/posts\/903866\/revisions"}],"wp:featuredmedia":[{"embeddable":true,"href":"https:\/\/gradski.me\/en\/wp-json\/wp\/v2\/media\/899647"}],"wp:attachment":[{"href":"https:\/\/gradski.me\/en\/wp-json\/wp\/v2\/media?parent=903866"}],"wp:term":[{"taxonomy":"category","embeddable":true,"href":"https:\/\/gradski.me\/en\/wp-json\/wp\/v2\/categories?post=903866"},{"taxonomy":"post_tag","embeddable":true,"href":"https:\/\/gradski.me\/en\/wp-json\/wp\/v2\/tags?post=903866"},{"taxonomy":"naslovna","embeddable":true,"href":"https:\/\/gradski.me\/en\/wp-json\/wp\/v2\/naslovna?post=903866"}],"curies":[{"name":"wp","href":"https:\/\/api.w.org\/{rel}","templated":true}]}}