{"id":903865,"date":"2026-02-07T17:21:00","date_gmt":"2026-02-07T16:21:00","guid":{"rendered":"https:\/\/new.gradski.me\/uncategorized\/orban-madjarska-nije-slala-trupe-u-jugoslaviju-1999-nece-ni-u-ukrajinu\/"},"modified":"2026-02-07T17:21:00","modified_gmt":"2026-02-07T16:21:00","slug":"orban-madjarska-nije-slala-trupe-u-jugoslaviju-1999-nece-ni-u-ukrajinu","status":"publish","type":"post","link":"https:\/\/gradski.me\/en\/svijet\/orban-madjarska-nije-slala-trupe-u-jugoslaviju-1999-nece-ni-u-ukrajinu\/","title":{"rendered":"Orban: Ma\u0111arska nije slala trupe u Jugoslaviju 1999, ne\u0107e ni u Ukrajinu"},"content":{"rendered":"<p><\/p>\n\n\n\n<p>Orban je rekao da ga je 1999. godine, kada je prvi put bio na \u010delu vlade, tada\u0161nji ameri\u010dki predsjednik&nbsp;<strong>Bil Klinton<\/strong>&nbsp;pozvao i zamolio ga da interveni\u0161e u vojnom sukobu u Jugoslaviji, ali da je on to odbio, prenio je \u201cMa\u0111ar nemzet\u201d.<\/p>\n\n\n\n<p>Ma\u0111arski premijer je istakao, na sastanku sa aktivistima vladaju\u0107e stranke Fides u zapadnom gradu Sombathelju, da mu je Klinton tada rekao da su \u201canglosaksonski vojnici ve\u0107 tamo i da je potrebno otvoriti drugi front sa ju\u017ene granice Ma\u0111arske\u201d.<\/p>\n\n\n\n<p>\u201cRekao sam mu: \u2018Ne, gospodine&#8217;\u201d, izjavio je Orban na engleskom.<\/p>\n\n\n\n<p>Istakao je da Ma\u0111arska, kada odlu\u010duje o ratu, ne treba na nare\u0111enje ameri\u010dkog predsjednika da odgovara sa: \u2018Da, gospodine&#8217;\u201d.<\/p>\n\n\n\n<p>Ponovio je da ma\u0111arska vlada ne podr\u017eava namjere pojedinih evropskih zemalja da po\u0161alju svoje trupe u Ukrajinu.<\/p>","protected":false},"excerpt":{"rendered":"<p>Ma\u0111arski premijer\u00a0Viktor Orban\u00a0rekao je danas da Ma\u0111arska ne\u0107e u\u010destvovati u vojnom sukobu u Ukrajini, ba\u0161 kao \u0161to je svojevremeno odbila da dozvoli da bude uvu\u010dena u borbe u Jugoslaviji 1999. godine u NATO agresiji.<\/p>","protected":false},"author":16,"featured_media":902635,"comment_status":"open","ping_status":"open","sticky":false,"template":"","format":"standard","meta":{"_acf_changed":false,"footnotes":"","jetpack_publicize_message":"","jetpack_publicize_feature_enabled":true,"jetpack_social_post_already_shared":false,"jetpack_social_options":{"image_generator_settings":{"template":"highway","default_image_id":0,"font":"","enabled":false},"version":2}},"categories":[14],"tags":[218,1091],"naslovna":[],"class_list":["post-903865","post","type-post","status-publish","format-standard","has-post-thumbnail","hentry","category-svijet","tag-madjarska","tag-viktor-orban"],"acf":[],"jetpack_publicize_connections":[],"_links":{"self":[{"href":"https:\/\/gradski.me\/en\/wp-json\/wp\/v2\/posts\/903865","targetHints":{"allow":["GET"]}}],"collection":[{"href":"https:\/\/gradski.me\/en\/wp-json\/wp\/v2\/posts"}],"about":[{"href":"https:\/\/gradski.me\/en\/wp-json\/wp\/v2\/types\/post"}],"author":[{"embeddable":true,"href":"https:\/\/gradski.me\/en\/wp-json\/wp\/v2\/users\/16"}],"replies":[{"embeddable":true,"href":"https:\/\/gradski.me\/en\/wp-json\/wp\/v2\/comments?post=903865"}],"version-history":[{"count":0,"href":"https:\/\/gradski.me\/en\/wp-json\/wp\/v2\/posts\/903865\/revisions"}],"wp:featuredmedia":[{"embeddable":true,"href":"https:\/\/gradski.me\/en\/wp-json\/wp\/v2\/media\/902635"}],"wp:attachment":[{"href":"https:\/\/gradski.me\/en\/wp-json\/wp\/v2\/media?parent=903865"}],"wp:term":[{"taxonomy":"category","embeddable":true,"href":"https:\/\/gradski.me\/en\/wp-json\/wp\/v2\/categories?post=903865"},{"taxonomy":"post_tag","embeddable":true,"href":"https:\/\/gradski.me\/en\/wp-json\/wp\/v2\/tags?post=903865"},{"taxonomy":"naslovna","embeddable":true,"href":"https:\/\/gradski.me\/en\/wp-json\/wp\/v2\/naslovna?post=903865"}],"curies":[{"name":"wp","href":"https:\/\/api.w.org\/{rel}","templated":true}]}}