{"id":903657,"date":"2026-02-06T13:20:15","date_gmt":"2026-02-06T12:20:15","guid":{"rendered":"https:\/\/new.gradski.me\/uncategorized\/mju-porucilo-jokicu-ili-dokumentujte-nezakonitosti-sluzbenika-mju-ili-se-ne-oglasavajte\/"},"modified":"2026-02-06T13:20:15","modified_gmt":"2026-02-06T12:20:15","slug":"mju-porucilo-jokicu-ili-dokumentujte-nezakonitosti-sluzbenika-mju-ili-se-ne-oglasavajte","status":"publish","type":"post","link":"https:\/\/gradski.me\/en\/politika\/mju-porucilo-jokicu-ili-dokumentujte-nezakonitosti-sluzbenika-mju-ili-se-ne-oglasavajte\/","title":{"rendered":"MJU poru\u010dilo Joki\u0107u: Ili dokumentujte nezakonitosti slu\u017ebenika MJU, ili se ne ogla\u0161avajte"},"content":{"rendered":"<p><\/p>\n\n\n\n<p><\/p>\n\n\n\n<p><\/p>\n\n\n\n<p>&#8222;Kada izostanu argumenti, najlak\u0161e je posegnuti za etiketiranjem. Takav pristup ne doprinosi rje\u0161avanju problema, ve\u0107 slu\u017ei isklju\u010divo za skretanje pa\u017enje sa su\u0161tine.<\/p>\n\n\n\n<p>Ministarstvo javne uprave ima precizan i dosljedan stav u odnosu na sve op\u0161tine, bez obzira na to ko je u njima na vlasti. Taj stav je bio isti u 43. Vladi, isti je i u 44. Vladi, i zasniva se isklju\u010divo na zakonu, \u010dinjenicama i javnom interesu&#8220;, navodi se u saop\u0161tenju.<\/p>\n\n\n\n<p>MJU ne zanima ko se nije odazvao sjednici SO u Kotoru, niti ko se odazvao. Politi\u010dki aspekti nas ne obavezuju, nego samo pravni i zakonski, i \u0161to prije to shvate u lokalnim samoupravama &#8211; to \u0107e oni sami biti bli\u017ei vladavini zakona i demokratije.<\/p>\n\n\n\n<p>&#8222;Nadalje, ministar u ovom resoru ne dijeli niti pregleda \u010dlanske knji\u017eice. Niti uz \u010dlansku knji\u017eicu postavlja slu\u017ebenike.<\/p>\n\n\n\n<p>Profesionalci u institucijama nijesu i ne smiju biti taoci dnevne politike. Zato ministar ne prima pohvale koje istovremeno provla\u010de poku\u0161aje ciljane diskreditacije stru\u010dnih i vrijednih slu\u017ebenika zbog kojih ovaj resor bilje\u017ei rezultate.<\/p>\n\n\n\n<p>Na kraju &#8211; kome i za\u0161to smeta nadzor nadle\u017enog dr\u017eavnog organa &#8211; ako je siguran u svoju ispravnost i zakonitost u postupanju?!&#8220;, kazali su iz tog resora.<\/p>","protected":false},"excerpt":{"rendered":"<p>Neka gospodin Joki\u0107, predsjednik op\u0161tine Kotor, nadle\u017enim organima prijavi svakog slu\u017ebenika MJU za nezakonito postupanje. Ako to ne u\u010dini, onda mu ciljevi nijesu vladavina zakona i pravna dr\u017eava, ve\u0107 medijska demagogija, saop\u0161teno je iz Ministarstva javne uprave.<\/p>","protected":false},"author":8,"featured_media":903089,"comment_status":"open","ping_status":"open","sticky":false,"template":"","format":"standard","meta":{"_acf_changed":false,"footnotes":"","jetpack_publicize_message":"","jetpack_publicize_feature_enabled":true,"jetpack_social_post_already_shared":false,"jetpack_social_options":{"image_generator_settings":{"template":"highway","default_image_id":0,"font":"","enabled":false},"version":2}},"categories":[7],"tags":[18461,5788],"naslovna":[],"class_list":["post-903657","post","type-post","status-publish","format-standard","has-post-thumbnail","hentry","category-politika","tag-jokic","tag-mju"],"acf":[],"jetpack_publicize_connections":[],"_links":{"self":[{"href":"https:\/\/gradski.me\/en\/wp-json\/wp\/v2\/posts\/903657","targetHints":{"allow":["GET"]}}],"collection":[{"href":"https:\/\/gradski.me\/en\/wp-json\/wp\/v2\/posts"}],"about":[{"href":"https:\/\/gradski.me\/en\/wp-json\/wp\/v2\/types\/post"}],"author":[{"embeddable":true,"href":"https:\/\/gradski.me\/en\/wp-json\/wp\/v2\/users\/8"}],"replies":[{"embeddable":true,"href":"https:\/\/gradski.me\/en\/wp-json\/wp\/v2\/comments?post=903657"}],"version-history":[{"count":0,"href":"https:\/\/gradski.me\/en\/wp-json\/wp\/v2\/posts\/903657\/revisions"}],"wp:featuredmedia":[{"embeddable":true,"href":"https:\/\/gradski.me\/en\/wp-json\/wp\/v2\/media\/903089"}],"wp:attachment":[{"href":"https:\/\/gradski.me\/en\/wp-json\/wp\/v2\/media?parent=903657"}],"wp:term":[{"taxonomy":"category","embeddable":true,"href":"https:\/\/gradski.me\/en\/wp-json\/wp\/v2\/categories?post=903657"},{"taxonomy":"post_tag","embeddable":true,"href":"https:\/\/gradski.me\/en\/wp-json\/wp\/v2\/tags?post=903657"},{"taxonomy":"naslovna","embeddable":true,"href":"https:\/\/gradski.me\/en\/wp-json\/wp\/v2\/naslovna?post=903657"}],"curies":[{"name":"wp","href":"https:\/\/api.w.org\/{rel}","templated":true}]}}