{"id":903558,"date":"2026-02-06T07:42:00","date_gmt":"2026-02-06T06:42:00","guid":{"rendered":"https:\/\/new.gradski.me\/uncategorized\/argentina-trazi-od-amerike-da-joj-izruci-madura\/"},"modified":"2026-02-06T07:42:00","modified_gmt":"2026-02-06T06:42:00","slug":"argentina-trazi-od-amerike-da-joj-izruci-madura","status":"publish","type":"post","link":"https:\/\/gradski.me\/en\/svijet\/argentina-trazi-od-amerike-da-joj-izruci-madura\/","title":{"rendered":"Argentina tra\u017ei od Amerike da joj izru\u010di Madura"},"content":{"rendered":"<p><\/p>\n\n\n\n<p>Istraga u Argentini, \u010dije su sudije agresivno progonili slu\u010dajeve kr\u0161enja ljudskih prava i izvan granica zemlje, Madura tereti za po\u010dinjenje zlo\u010dina protiv \u010dovje\u010dnosti zbog brutalnog gu\u0161enja protesta i politi\u010dkih protivnika tokom njegovog predsjedni\u010dkog mandata.<\/p>\n\n\n\n<p>&#8222;Nare\u0111uje se hitan prevod me\u0111unarodnog zahtjeva i prilo\u017eene dokumentacije&#8220;, navodi se u nalogu koji je potpisao argentinski savezni sudija Sebasti\u00e1n Ramos, a u koji je imao uvid Associated Press.<\/p>\n\n\n\n<p>Me\u0111u tu\u017eiteljima su Venecuelanci koji su bili \u017ertve mu\u010denja i proizvoljnih pritvaranja te su pretrpjeli i druge oblike zlostavljanja od strane venezuelanskih sigurnosnih snaga i obavje\u0161tajnih agenata.<\/p>\n\n\n\n<p><strong>Madura \u010deka su\u0111enje u SAD-u<\/strong><\/p>\n\n\n\n<p>Predmet je 2023. godine u Buenos Airesu pokrenula grupa organizacija za ljudska prava koje zastupaju \u017ertve, a temelji se na na\u010delu univerzalne jurisdikcije, pravnom konceptu koji omogu\u0107uje Argentini da kazneno goni osobe iz bilo koje zemlje za zlo\u010dine poput genocida ili terorizma, bez obzira na to gdje su po\u010dinjeni.<\/p>\n\n\n\n<p>Argentinsko ministarstvo vanjskih poslova sada mora uputiti zahtjev administraciji Donalda Trampa, koja ga vjerojatno ne\u0107e prihvatiti jer Maduro i njegova supruga Cilia Flores u zatvoru u Brooklynu \u010dekaju su\u0111enje zbog optu\u017ebi da su tokom 25 godina sara\u0111ivali s narkokartelima kako bi omogu\u0107ili krijum\u010darenje tisu\u0107a tona kokaina u Sjedinjene Ameri\u010dke Dr\u017eave.<\/p>\n\n\n\n<p>Uprkos tome, jedna od organizacija koje su podnijele tu\u017ebu pozdravila je zahtjev kao va\u017enu prekretnicu &#8222;za Argentinu, za pravdu i, prije svega, za venezuelanske \u017ertve koje su se usudile progovoriti&#8220;. &#8222;Ostaje zadovoljstvo \u0161to smo se suprotstavili mo\u0107nima i odlu\u010dno branili ljudska prava&#8220;, napisao je Argentinski forum za odbranu demokracije.<\/p>\n\n\n\n<p><strong>Milei je pozdravio vojno zarobljavanje Madura<\/strong><\/p>\n\n\n\n<p>U zahtjevu da SAD izru\u010di Madura Argentini, sudski nalog poziva se na ugovor o izru\u010denju iz 1997. godine izme\u0111u dvije zemlje te uzima u obzir Madurovo nedavno hap\u0161enje.<\/p>\n\n\n\n<p>Argentinski sud prvi je put izdao me\u0111unarodnu potjernicu za Madurom 2024. godine. Nakon ameri\u010dke vojne operacije kojom je Maduro svrgnut 3. januara, argentinski savezni tu\u017eioci zatra\u017eili su od sudije Ramosa da pokrene postupak izru\u010denja u okviru istrage o zlo\u010dinima protiv \u010dovje\u010dnosti.<\/p>\n\n\n\n<p>Kao jedna od rijetkih zemalja \u010diji zakoni dopu\u0161taju istrage zlo\u010dina protiv \u010dovje\u010dnosti izvan vlastitih granica, Argentina je sve \u010de\u0161\u0107e u sredi\u0161tu tu\u017ebi koje se\u017eu od mu\u010denja disidenata pod diktaturom Francisca Franca u \u0160paniji do zlo\u010dina koje je vojska po\u010dinila nad Rohind\u017ea muslimanima u Mjanmaru.<\/p>\n\n\n\n<p>Argentinski predsjednik Javier Milei, najistaknutiji desni\u010darski \u010delnik u regiji i saveznik predsjednika Donalda Trampa, pozdravio je ameri\u010dko vojno zarobljavanje Madura.<\/p>","protected":false},"excerpt":{"rendered":"<p>Argentinski sudija u srijedu je od Sjedinjenih Dr\u017eava zatra\u017eio izru\u010denje biv\u0161eg venecuelanskog predsjednika Nikolasa Madura, koji je pro\u0161log mjeseca zarobljen u ameri\u010dkoj vojnoj operaciji i sada se suo\u010dava s federalnim optu\u017enicama za narkoterorizam i urotu za uvoz kokaina.<\/p>","protected":false},"author":4,"featured_media":897014,"comment_status":"open","ping_status":"open","sticky":false,"template":"","format":"standard","meta":{"_acf_changed":false,"footnotes":"","jetpack_publicize_message":"","jetpack_publicize_feature_enabled":true,"jetpack_social_post_already_shared":false,"jetpack_social_options":{"image_generator_settings":{"template":"highway","default_image_id":0,"font":"","enabled":false},"version":2}},"categories":[14],"tags":[4332,3783,70,3113],"naslovna":[],"class_list":["post-903558","post","type-post","status-publish","format-standard","has-post-thumbnail","hentry","category-svijet","tag-argentina","tag-nikolas-maduro","tag-sad","tag-venecuela"],"acf":[],"jetpack_publicize_connections":[],"_links":{"self":[{"href":"https:\/\/gradski.me\/en\/wp-json\/wp\/v2\/posts\/903558","targetHints":{"allow":["GET"]}}],"collection":[{"href":"https:\/\/gradski.me\/en\/wp-json\/wp\/v2\/posts"}],"about":[{"href":"https:\/\/gradski.me\/en\/wp-json\/wp\/v2\/types\/post"}],"author":[{"embeddable":true,"href":"https:\/\/gradski.me\/en\/wp-json\/wp\/v2\/users\/4"}],"replies":[{"embeddable":true,"href":"https:\/\/gradski.me\/en\/wp-json\/wp\/v2\/comments?post=903558"}],"version-history":[{"count":0,"href":"https:\/\/gradski.me\/en\/wp-json\/wp\/v2\/posts\/903558\/revisions"}],"wp:featuredmedia":[{"embeddable":true,"href":"https:\/\/gradski.me\/en\/wp-json\/wp\/v2\/media\/897014"}],"wp:attachment":[{"href":"https:\/\/gradski.me\/en\/wp-json\/wp\/v2\/media?parent=903558"}],"wp:term":[{"taxonomy":"category","embeddable":true,"href":"https:\/\/gradski.me\/en\/wp-json\/wp\/v2\/categories?post=903558"},{"taxonomy":"post_tag","embeddable":true,"href":"https:\/\/gradski.me\/en\/wp-json\/wp\/v2\/tags?post=903558"},{"taxonomy":"naslovna","embeddable":true,"href":"https:\/\/gradski.me\/en\/wp-json\/wp\/v2\/naslovna?post=903558"}],"curies":[{"name":"wp","href":"https:\/\/api.w.org\/{rel}","templated":true}]}}