{"id":903498,"date":"2026-02-05T18:13:00","date_gmt":"2026-02-05T17:13:00","guid":{"rendered":"https:\/\/new.gradski.me\/uncategorized\/video-miljanic-odluka-vlade-o-diplomi-luca-dodatan-pritisak-na-djake\/"},"modified":"2026-02-05T18:13:00","modified_gmt":"2026-02-05T17:13:00","slug":"video-miljanic-odluka-vlade-o-diplomi-luca-dodatan-pritisak-na-djake","status":"publish","type":"post","link":"https:\/\/gradski.me\/en\/drustvo\/video-miljanic-odluka-vlade-o-diplomi-luca-dodatan-pritisak-na-djake\/","title":{"rendered":"(VIDEO) Miljani\u0107: Odluka Vlade o diplomi \u201eLu\u010da\u201c  dodatan pritisak na \u0111ake"},"content":{"rendered":"<p>Dodaje da ne bi trebalo da od jednog testa zavisi uspjeh u\u010denika, a da \u201eLu\u010da\u201c treba da bude nagrada za odli\u010dan uspjeh tokom \u0161kolovanja.<\/p>\n\n\n\n<p>Donosioci odluka nerijetko zanemare da eksterna provjera znanja predstavlja stres za u\u010denike, a odluka Vlade da se \u201eLu\u010da\u201c mo\u017ee dodijelili samo onima sa odli\u010dnim uspjehom na tom testu, predstavlja dodatno optere\u0107enje za njih, smatra profesorica Tamara Miljani\u0107.<\/p>\n\n\n\n<p>\u201eNjima treba ja\u010dati samopouzdanje. Oni jo\u0161 nijesu izgra\u0111ene li\u010dnosti, ve\u0107 osobe koje mi moramo da pazimo i njegujemo. Sama \u201eLu\u010da\u201c je njima vrlo bitna, mo\u017eda bi\u0161e njima nego prethodnim generacijama. Nametnuti su im pritisci od strane dru\u0161tva, roditelja i oni sami \u017eele da postignu sve to. \u201eLu\u010da\u201c im u ovoj situaciji biva ote\u017eana. U\u010denici imaju osje\u0107aj da im od jednog testa sve zavisi\u201c, kazala nam je profesorica, Tamara Miljani\u0107.<\/p>\n\n\n\n<p>Miljani\u0107 predla\u017ee bolje rje\u0161enje.<\/p>\n\n\n\n<p>\u201eSmatram da ovo nije dobro. Pristalica sam sabiranja ocjena i dijeljenja. Da se maknu na\u0161i profesorski rokovnici, da se sve ocjene unose u dnevnik, sabere se, podijeli se, matemati\u010dki se dobije, i onda se odlu\u010di je li u\u010denik lu\u010dono\u0161a ili ne. Tako bi se izbjegao stres kod u\u010denika jer je najva\u017enije da su oni dobro, da cijene svoje znanje, da ih nau\u010dimo odgovornosti i redovnom radu, a ne da budu pod stresom i da se bore da dobiju \u201eLu\u010du\u201c, smatra profesorica.<\/p>\n\n\n\n<p>Podsjetimo, odluka o dodjeli diplome \u201eLu\u010da\u201c samo u\u010denicima koji su imali odlulan uspjeh na eksternoj provjeri znanja i odli\u010dno vladanje, po\u010dinje da se primjenjuje od naredne \u0161kolske godine.<\/p>\n\n\n\n<figure class=\"wp-block-embed is-type-video is-provider-youtube wp-block-embed-youtube wp-embed-aspect-16-9 wp-has-aspect-ratio\"><div class=\"wp-block-embed__wrapper\">\n<iframe title=\"Miljani\u0107: Odluka Vlade o diplomi \u201eLu\u010da\u201c dodatan pritisak na \u0111ake\" width=\"800\" height=\"450\" src=\"https:\/\/www.youtube.com\/embed\/a3dGu7LFJOU?feature=oembed\" frameborder=\"0\" allow=\"accelerometer; autoplay; clipboard-write; encrypted-media; gyroscope; picture-in-picture; web-share\" referrerpolicy=\"strict-origin-when-cross-origin\" allowfullscreen><\/iframe>\n<\/div><\/figure>","protected":false},"excerpt":{"rendered":"<p>Odluka Vlade da diplomu \u201eLu\u010da\u201c od naredne \u0161kolske godine dobijaju samo u\u010denici koji su ostvarili odli\u010dan uspjeh na eksternoj provjeri znanja predstavlja dodatan pritisak na \u0111ake, ocjenila je profesorica Tamara Miljani\u0107 u Jutarnjem programu.<\/p>","protected":false},"author":4,"featured_media":903499,"comment_status":"open","ping_status":"open","sticky":false,"template":"","format":"standard","meta":{"_acf_changed":false,"footnotes":"","jetpack_publicize_message":"","jetpack_publicize_feature_enabled":true,"jetpack_social_post_already_shared":false,"jetpack_social_options":{"image_generator_settings":{"template":"highway","default_image_id":0,"font":"","enabled":false},"version":2}},"categories":[9],"tags":[18058,1168],"naslovna":[],"class_list":["post-903498","post","type-post","status-publish","format-standard","has-post-thumbnail","hentry","category-drustvo","tag-diploma-luca","tag-vlada"],"acf":[],"jetpack_publicize_connections":[],"_links":{"self":[{"href":"https:\/\/gradski.me\/en\/wp-json\/wp\/v2\/posts\/903498","targetHints":{"allow":["GET"]}}],"collection":[{"href":"https:\/\/gradski.me\/en\/wp-json\/wp\/v2\/posts"}],"about":[{"href":"https:\/\/gradski.me\/en\/wp-json\/wp\/v2\/types\/post"}],"author":[{"embeddable":true,"href":"https:\/\/gradski.me\/en\/wp-json\/wp\/v2\/users\/4"}],"replies":[{"embeddable":true,"href":"https:\/\/gradski.me\/en\/wp-json\/wp\/v2\/comments?post=903498"}],"version-history":[{"count":0,"href":"https:\/\/gradski.me\/en\/wp-json\/wp\/v2\/posts\/903498\/revisions"}],"wp:featuredmedia":[{"embeddable":true,"href":"https:\/\/gradski.me\/en\/wp-json\/wp\/v2\/media\/903499"}],"wp:attachment":[{"href":"https:\/\/gradski.me\/en\/wp-json\/wp\/v2\/media?parent=903498"}],"wp:term":[{"taxonomy":"category","embeddable":true,"href":"https:\/\/gradski.me\/en\/wp-json\/wp\/v2\/categories?post=903498"},{"taxonomy":"post_tag","embeddable":true,"href":"https:\/\/gradski.me\/en\/wp-json\/wp\/v2\/tags?post=903498"},{"taxonomy":"naslovna","embeddable":true,"href":"https:\/\/gradski.me\/en\/wp-json\/wp\/v2\/naslovna?post=903498"}],"curies":[{"name":"wp","href":"https:\/\/api.w.org\/{rel}","templated":true}]}}