{"id":903399,"date":"2026-02-05T16:04:00","date_gmt":"2026-02-05T15:04:00","guid":{"rendered":"https:\/\/new.gradski.me\/uncategorized\/albanija-ukinula-zabranu-tiktoka\/"},"modified":"2026-02-05T16:04:00","modified_gmt":"2026-02-05T15:04:00","slug":"albanija-ukinula-zabranu-tiktoka","status":"publish","type":"post","link":"https:\/\/gradski.me\/en\/region\/albanija-ukinula-zabranu-tiktoka\/","title":{"rendered":"Albanija ukinula zabranu TikToka"},"content":{"rendered":"<p><br><\/p>\n\n\n\n<p>Albanski Savjet ministara podr\u017eao je odluku o ukidanju privremene mjere kojom se ograni\u010dava pristup platformi TikTok na teritoriju te zemlje, navode\u0107i kako su \u201cpitanja u podru\u010dju javne i socijalne sigurnosti u digitalnom okru\u017eenju ve\u0107 rije\u0161ena\u201d, prenijeli su lokalni mediji.<\/p>\n\n\n\n<p>Odlukom koja je potpisana u utorak, Nacionalno tijelo za kiberneti\u010dku bezbjednost zadu\u017eeno je da prekine primjenu prethodno uvedenih tehni\u010dkih mjera, \u0161to \u0107e omogu\u0107iti potpuni pristup platformi.<\/p>\n\n\n\n<p><strong>Zabranili TikTok nakon ubistva 14-godi\u0161njaka<\/strong><\/p>\n\n\n\n<p>Albanija je u martu 2023. godine zabranila pristup platformi TikTok nakon tragi\u010dnog ubistva 14-godi\u0161njeg Martina Canija u blizini \u0161kole \u201cFan Noli\u201d, koje je po\u010dinio njegov vr\u0161njak. Cani je izboden no\u017eem ispred \u0161kole nakon vi\u0161ednevne sva\u0111e izme\u0111u dvije grupe koja je eskalirala preko dru\u0161tvenih mre\u017ea.<\/p>\n\n\n\n<p>Mjesec dana kasnije, vlada je odlu\u010dila zabraniti TikTok. Otac dje\u010daka i TikTok su tvrdili da Martin nije koristio tu platformu.<\/p>\n\n\n\n<p>\u201cDru\u0161tvene mre\u017ee, a posebno TikTok i Snapchat, svakodnevno uvla\u010de na\u0161u djecu u svoje labirinte od malih nogu\u201d, rekao je albanski premijer Edi Rama u medijskom nastupu nakon ubistva u Tirani.<\/p>\n\n\n\n<p>Odluka o ukidanju zabrane TikToka stupa na snagu nakon objave u \u201cSlu\u017ebenom listu\u201d, nakon \u010dega \u0107e gra\u0111ani Albanije ponovno mo\u0107i koristiti platformu.<\/p>\n\n\n\n<p><\/p>","protected":false},"excerpt":{"rendered":"<p>Albanija je ukinula privremenu jednogodi\u0161nju zabranu pristupa platformi TikTok, javili su u \u010detvrtak lokalni mediji, prenosi Index.hr.<\/p>","protected":false},"author":5,"featured_media":903400,"comment_status":"open","ping_status":"open","sticky":false,"template":"","format":"standard","meta":{"_acf_changed":false,"footnotes":"","jetpack_publicize_message":"","jetpack_publicize_feature_enabled":true,"jetpack_social_post_already_shared":false,"jetpack_social_options":{"image_generator_settings":{"template":"highway","default_image_id":0,"font":"","enabled":false},"version":2}},"categories":[13],"tags":[732,16952],"naslovna":[],"class_list":["post-903399","post","type-post","status-publish","format-standard","has-post-thumbnail","hentry","category-region","tag-albanija","tag-tiktok"],"acf":[],"jetpack_publicize_connections":[],"_links":{"self":[{"href":"https:\/\/gradski.me\/en\/wp-json\/wp\/v2\/posts\/903399","targetHints":{"allow":["GET"]}}],"collection":[{"href":"https:\/\/gradski.me\/en\/wp-json\/wp\/v2\/posts"}],"about":[{"href":"https:\/\/gradski.me\/en\/wp-json\/wp\/v2\/types\/post"}],"author":[{"embeddable":true,"href":"https:\/\/gradski.me\/en\/wp-json\/wp\/v2\/users\/5"}],"replies":[{"embeddable":true,"href":"https:\/\/gradski.me\/en\/wp-json\/wp\/v2\/comments?post=903399"}],"version-history":[{"count":0,"href":"https:\/\/gradski.me\/en\/wp-json\/wp\/v2\/posts\/903399\/revisions"}],"wp:featuredmedia":[{"embeddable":true,"href":"https:\/\/gradski.me\/en\/wp-json\/wp\/v2\/media\/903400"}],"wp:attachment":[{"href":"https:\/\/gradski.me\/en\/wp-json\/wp\/v2\/media?parent=903399"}],"wp:term":[{"taxonomy":"category","embeddable":true,"href":"https:\/\/gradski.me\/en\/wp-json\/wp\/v2\/categories?post=903399"},{"taxonomy":"post_tag","embeddable":true,"href":"https:\/\/gradski.me\/en\/wp-json\/wp\/v2\/tags?post=903399"},{"taxonomy":"naslovna","embeddable":true,"href":"https:\/\/gradski.me\/en\/wp-json\/wp\/v2\/naslovna?post=903399"}],"curies":[{"name":"wp","href":"https:\/\/api.w.org\/{rel}","templated":true}]}}