{"id":903265,"date":"2026-02-04T18:48:00","date_gmt":"2026-02-04T17:48:00","guid":{"rendered":"https:\/\/new.gradski.me\/uncategorized\/video-nedovic-netacno-da-poslanici-sluze-samo-za-podizanje-ruku-cukovic-milatovic-vracanjem-zakona-poslao-poruku-nekim-politickim-akterima\/"},"modified":"2026-02-04T18:48:00","modified_gmt":"2026-02-04T17:48:00","slug":"video-nedovic-netacno-da-poslanici-sluze-samo-za-podizanje-ruku-cukovic-milatovic-vracanjem-zakona-poslao-poruku-nekim-politickim-akterima","status":"publish","type":"post","link":"https:\/\/gradski.me\/en\/politika\/video-nedovic-netacno-da-poslanici-sluze-samo-za-podizanje-ruku-cukovic-milatovic-vracanjem-zakona-poslao-poruku-nekim-politickim-akterima\/","title":{"rendered":"(VIDEO) Nedovi\u0107: It is incorrect that MPs are only used to raise their hands; \u0106ukovi\u0107: Milatovi\u0107 sent a message to some political actors by returning the law"},"content":{"rendered":"<p>Predsjednik Crne Gore vratio je Skup\u0161tini svih 25 zakona, koje su poslanici na sjednici u ponedjeljak usvojili za oko sat ipo \u2013 obrazlo\u017eio je i za\u0161to.<\/p>\n\n\n\n<p>&#8222;Odlu\u010dio sam da vratim ju\u010de usvojene zakone Skup\u0161tini na ponovno razmatranje kako bi poslanici mogli da ih zaista pro\u010ditaju. Evropske reforme ne zna\u010de puko dizanje ruku u Skup\u0161tini, ni usvajanje zakona bez rasprave i diskusije. Gra\u0111ani od poslanika o\u010dekuju ozbiljan i odgovoran pristup prilikom dono\u0161enja zakona koji odre\u0111uju njihov svakodnevni \u017eivot&#8220;, naveo je Milatovi\u0107.<\/p>\n\n\n\n<p>Poslanici vlasti potez Milatovi\u0107a do\u017eivljavaju kao politi\u010dki motivisan &#8211; napominju da svaki predlo\u017eeni zakon prolazi nadle\u017ena radna tijela Skup\u0161tine. Tvrde i da u drugim dr\u017eavama prilikom pristupanja EU, neki zakoni nijesu bili prevedeni na mati\u010dni jezik.<\/p>\n\n\n\n<p>&#8222;Imamo zakone koji imaju preko 100-150 stranica. Vi kada mijenjate neke zakone, ne mijenjate cijele zakone, mijenjate neke \u010dlanove u tom zakonu. Ono \u0161to Crna Gora sada radi, moramo da imamo iste zakone i da se uskladimo sa EU. Svi propisi u EU moraju biti isti u na\u0161oj dr\u017eavi. Tako da neko di\u017ee samo ruke je potpuno neta\u010dno&#8220;, kazala je poslanica PES-a Jelena Nedovi\u0107.<\/p>\n\n\n\n<p>Opozicija tvrdi druga\u010dije \u2013 poru\u010duje da je bilo dovoljno vremena za raspravu o 25 zakona, kako bi se poslanici, ali i gra\u0111ani upoznali sa njihovom sadr\u017einom.<\/p>\n\n\n\n<p>&#8222;To je ne\u0161to \u0161to je definitivno poni\u017eenje Skup\u0161tine Crne Gore i ako su u Briselu odlu\u010dili da Crna Gora postane naredna \u010dlanica EU, \u010dini mi se da niko od nas nema pravo da u\u010dini ma \u0161ta \u0161to je suprotno toj odluci i da mi moramo u\u010diniti sve, \u010dak i za\u017emuriti i progledati kroz prste ovoj nakaradnoj ve\u0107ini i glasati o zakonima koji imaju plavu zastavicu&#8220;, istakla je poslanica DPS-a  Aleksandra Vukovi\u0107 Ku\u010d.<\/p>\n\n\n\n<p>Potez predsjednika dr\u017eave je za politi\u010dkog analiti\u010dara Aleksandra \u0106ukovi\u0107a o\u010dekivan \u2013 smatra da ne\u0107e usporiti evropski put zemlje.<\/p>\n\n\n\n<p>&#8222;Znamo da po drugi put kada se zakon vrati Skup\u0161tini da \u0107e biti usvojen i da \u0161ef dr\u017eave nema ingerencije da ga ponovo vrati. Vi\u0161e je on poslao poruku prema nekim politi\u010dkim akterima nego \u0161to je to institucionalni zastoj&#8220;, navodi \u0106ukovi\u0107.<\/p>\n\n\n\n<p>Ipak, ministarka evropskih poslova Majda Gor\u010devi\u0107 poru\u010dila je da Milatovi\u0107 preuzima ulogu glavnog ko\u010dni\u010dara evropskog puta vra\u0107anjem zakona koji su dobili pozitivno mi\u0161ljenje Evropske komisije. Tako\u0111e, iz ministarstva finansija navode da vra\u0107anje tih zakona mo\u017ee ugroziti institucionalnu efikasnost i evropsku agendu.<\/p>\n\n\n\n<figure class=\"wp-block-embed is-type-video is-provider-youtube wp-block-embed-youtube wp-embed-aspect-16-9 wp-has-aspect-ratio\"><div class=\"wp-block-embed__wrapper\">\n<iframe title=\"Nedovi\u0107: Neta\u010dno da poslanici slu\u017ee samo za podizanje ruku\" width=\"800\" height=\"450\" src=\"https:\/\/www.youtube.com\/embed\/CiI2Ywa9TP8?feature=oembed\" frameborder=\"0\" allow=\"accelerometer; autoplay; clipboard-write; encrypted-media; gyroscope; picture-in-picture; web-share\" referrerpolicy=\"strict-origin-when-cross-origin\" allowfullscreen><\/iframe>\n<\/div><\/figure>","protected":false},"excerpt":{"rendered":"<p>Predsjednik dr\u017eave Jakov Milatovi\u0107 vratio je Skup\u0161tini na ponovno razmatranje 25 zakona, koje su poslanici usvojili na sjednici odr\u017eanoj u ponedjeljak. Za RTV Podgorica iz vlasti su saop\u0161tili da su neta\u010dni njegovi navodi kako poslanici samo slu\u017ee za podizanje ruku. Iz opozicije pozivaju na odgovornost \u010delnike Skup\u0161tine i Vlade.<\/p>","protected":false},"author":16,"featured_media":903266,"comment_status":"open","ping_status":"open","sticky":false,"template":"","format":"standard","meta":{"_acf_changed":false,"footnotes":"","jetpack_publicize_message":"","jetpack_publicize_feature_enabled":true,"jetpack_social_post_already_shared":false,"jetpack_social_options":{"image_generator_settings":{"template":"highway","default_image_id":0,"font":"","enabled":false},"version":2}},"categories":[7],"tags":[502,8179,78,2885,5911],"naslovna":[],"class_list":["post-903265","post","type-post","status-publish","format-standard","has-post-thumbnail","hentry","category-politika","tag-aleksandar-cukovic","tag-aleksandra-vukovic-kuc","tag-jakov-milatovic","tag-jelena-nedovic","tag-zakoni"],"acf":[],"jetpack_publicize_connections":[],"_links":{"self":[{"href":"https:\/\/gradski.me\/en\/wp-json\/wp\/v2\/posts\/903265","targetHints":{"allow":["GET"]}}],"collection":[{"href":"https:\/\/gradski.me\/en\/wp-json\/wp\/v2\/posts"}],"about":[{"href":"https:\/\/gradski.me\/en\/wp-json\/wp\/v2\/types\/post"}],"author":[{"embeddable":true,"href":"https:\/\/gradski.me\/en\/wp-json\/wp\/v2\/users\/16"}],"replies":[{"embeddable":true,"href":"https:\/\/gradski.me\/en\/wp-json\/wp\/v2\/comments?post=903265"}],"version-history":[{"count":0,"href":"https:\/\/gradski.me\/en\/wp-json\/wp\/v2\/posts\/903265\/revisions"}],"wp:featuredmedia":[{"embeddable":true,"href":"https:\/\/gradski.me\/en\/wp-json\/wp\/v2\/media\/903266"}],"wp:attachment":[{"href":"https:\/\/gradski.me\/en\/wp-json\/wp\/v2\/media?parent=903265"}],"wp:term":[{"taxonomy":"category","embeddable":true,"href":"https:\/\/gradski.me\/en\/wp-json\/wp\/v2\/categories?post=903265"},{"taxonomy":"post_tag","embeddable":true,"href":"https:\/\/gradski.me\/en\/wp-json\/wp\/v2\/tags?post=903265"},{"taxonomy":"naslovna","embeddable":true,"href":"https:\/\/gradski.me\/en\/wp-json\/wp\/v2\/naslovna?post=903265"}],"curies":[{"name":"wp","href":"https:\/\/api.w.org\/{rel}","templated":true}]}}