{"id":903187,"date":"2026-02-04T15:00:00","date_gmt":"2026-02-04T14:00:00","guid":{"rendered":"https:\/\/new.gradski.me\/uncategorized\/evropska-komisija-nema-odlaganja-primjene-evropskog-sistema-ulaska-i-izlaska\/"},"modified":"2026-02-04T15:00:00","modified_gmt":"2026-02-04T14:00:00","slug":"evropska-komisija-nema-odlaganja-primjene-evropskog-sistema-ulaska-i-izlaska","status":"publish","type":"post","link":"https:\/\/gradski.me\/en\/svijet\/evropska-komisija-nema-odlaganja-primjene-evropskog-sistema-ulaska-i-izlaska\/","title":{"rendered":"Evropska komisija: Nema odlaganja primjene evropskog sistema ulaska i izlaska"},"content":{"rendered":"<p><br><br><\/p>\n\n\n\n<p>Iz Evropske komisije su demantovali vijest koju su objavili pojedini mediji da se primjena EES-a odla\u017ee sa aprila na septembar 2026. godine, isti\u010du\u0107i da nijesu najavljena nova produ\u017eenja njegovog postpenog uvo\u0111enja.<\/p>\n\n\n\n<p>\u201cPostepena primjena EES-a zavr\u0161i\u0107e se 9. aprila. Me\u0111utim, uredba o EES-u ve\u0107 predvi\u0111a odre\u0111ene fleksibilnosti za dr\u017eave \u010dlanice za period nakon zavr\u0161etka uvo\u0111enja u aprilu ove godine. Ovo nije novina\u201d, nagla\u0161avaju iz Evropske komisije.<\/p>\n\n\n\n<p>Kako su objasnili, to zna\u010di da \u0107e do 10. aprila sve dr\u017eave \u010dlanice morati u potpunosti da primijene EES na svim svojim grani\u010dnim prelazima i da registruju sve dr\u017eavljane tre\u0107ih zemalja koji prelaze granice.<\/p>\n\n\n\n<p>Pojedini mediji u Srbiji prethodno su objavili da je Evropska komisija donijela odluku da odlo\u017ei punu primjenu EES-a za septembar 2026.<\/p>\n\n\n\n<p>Takva odluka bi, kako je navedeno, trebalo da omogu\u0107i ve\u0107u fleksibilnost \u010dlanicama \u0160engena tokom ljetnje sezone, kada je promet poja\u010dan i o\u010dekuju se velike gu\u017eve.<\/p>","protected":false},"excerpt":{"rendered":"<p>Primjena EES \u2013 evropskog sistema ulaska i izlaska, za registraciju dr\u017eavljana zemalja koje nijesu \u010dlanice EU \u2013 ne\u0107e biti odlo\u017eena, saop\u0161teno je iz Evropske komisije, prenosi N1.<\/p>","protected":false},"author":5,"featured_media":903188,"comment_status":"open","ping_status":"open","sticky":false,"template":"","format":"standard","meta":{"_acf_changed":false,"footnotes":"","jetpack_publicize_message":"","jetpack_publicize_feature_enabled":true,"jetpack_social_post_already_shared":false,"jetpack_social_options":{"image_generator_settings":{"template":"highway","default_image_id":0,"font":"","enabled":false},"version":2}},"categories":[14],"tags":[2958,18262],"naslovna":[],"class_list":["post-903187","post","type-post","status-publish","format-standard","has-post-thumbnail","hentry","category-svijet","tag-evropska-komisija","tag-sistem-ulaska-i-izlaska"],"acf":[],"jetpack_publicize_connections":[],"_links":{"self":[{"href":"https:\/\/gradski.me\/en\/wp-json\/wp\/v2\/posts\/903187","targetHints":{"allow":["GET"]}}],"collection":[{"href":"https:\/\/gradski.me\/en\/wp-json\/wp\/v2\/posts"}],"about":[{"href":"https:\/\/gradski.me\/en\/wp-json\/wp\/v2\/types\/post"}],"author":[{"embeddable":true,"href":"https:\/\/gradski.me\/en\/wp-json\/wp\/v2\/users\/5"}],"replies":[{"embeddable":true,"href":"https:\/\/gradski.me\/en\/wp-json\/wp\/v2\/comments?post=903187"}],"version-history":[{"count":0,"href":"https:\/\/gradski.me\/en\/wp-json\/wp\/v2\/posts\/903187\/revisions"}],"wp:featuredmedia":[{"embeddable":true,"href":"https:\/\/gradski.me\/en\/wp-json\/wp\/v2\/media\/903188"}],"wp:attachment":[{"href":"https:\/\/gradski.me\/en\/wp-json\/wp\/v2\/media?parent=903187"}],"wp:term":[{"taxonomy":"category","embeddable":true,"href":"https:\/\/gradski.me\/en\/wp-json\/wp\/v2\/categories?post=903187"},{"taxonomy":"post_tag","embeddable":true,"href":"https:\/\/gradski.me\/en\/wp-json\/wp\/v2\/tags?post=903187"},{"taxonomy":"naslovna","embeddable":true,"href":"https:\/\/gradski.me\/en\/wp-json\/wp\/v2\/naslovna?post=903187"}],"curies":[{"name":"wp","href":"https:\/\/api.w.org\/{rel}","templated":true}]}}