{"id":903064,"date":"2026-02-03T22:00:00","date_gmt":"2026-02-03T21:00:00","guid":{"rendered":"https:\/\/new.gradski.me\/uncategorized\/dvoje-poginulih-u-padu-malog-aviona-kod-mancestera\/"},"modified":"2026-02-03T22:00:00","modified_gmt":"2026-02-03T21:00:00","slug":"dvoje-poginulih-u-padu-malog-aviona-kod-mancestera","status":"publish","type":"post","link":"https:\/\/gradski.me\/en\/svijet\/dvoje-poginulih-u-padu-malog-aviona-kod-mancestera\/","title":{"rendered":"Dvoje poginulih u padu malog aviona kod Man\u010destera"},"content":{"rendered":"<p>Policija Man\u010destera je saop\u0161tila da su dva mu\u0161karca poginula na licu mjesta.<\/p>\n\n\n\n<p>Ne vjeruje se da je u letjelici bilo jo\u0161 osoba i nema prijavljenih povreda na tlu.<\/p>\n\n\n\n<p>\u201eOvo je razaraju\u0107i incident u kojem su dvije osobe izgubile \u017eivot i na\u0161e misli su uz njihove porodice i prijatelje. Tokom dana blisko smo sara\u0111ivali sa kolegama iz hitnih slu\u017ebi i partnerskim agencijama kako bismo utvrdili sve okolnosti, a na licu mjesta \u0107emo ostati tokom no\u0107i i sjutra&#8220;, rekao je \u0161ef policije Dani Inglis.<\/p>\n\n\n\n<p>On je dodao da \u0107e biti poja\u010dano prisustvo policije dok slu\u017ebenici i istra\u017eitelji detaljno sprovode istragu.<\/p>","protected":false},"excerpt":{"rendered":"<p>Dvije osobe su poginule nakon pada manjeg aviona u \u0161irem podru\u010dju Man\u010destera, pi\u0161e Sky News. Nesre\u0107a se dogodila na poljoprivrednom zemlji\u0161tu u Litlborou, u oblasti Ro\u010ddejl, ne\u0161to poslije 11 \u010dasova.<\/p>","protected":false},"author":16,"featured_media":903065,"comment_status":"open","ping_status":"open","sticky":false,"template":"","format":"standard","meta":{"_acf_changed":false,"footnotes":"","jetpack_publicize_message":"","jetpack_publicize_feature_enabled":true,"jetpack_social_post_already_shared":false,"jetpack_social_options":{"image_generator_settings":{"template":"highway","default_image_id":0,"font":"","enabled":false},"version":2}},"categories":[14],"tags":[639,8012],"naslovna":[],"class_list":["post-903064","post","type-post","status-publish","format-standard","has-post-thumbnail","hentry","category-svijet","tag-avion","tag-mancester-2"],"acf":[],"jetpack_publicize_connections":[],"_links":{"self":[{"href":"https:\/\/gradski.me\/en\/wp-json\/wp\/v2\/posts\/903064","targetHints":{"allow":["GET"]}}],"collection":[{"href":"https:\/\/gradski.me\/en\/wp-json\/wp\/v2\/posts"}],"about":[{"href":"https:\/\/gradski.me\/en\/wp-json\/wp\/v2\/types\/post"}],"author":[{"embeddable":true,"href":"https:\/\/gradski.me\/en\/wp-json\/wp\/v2\/users\/16"}],"replies":[{"embeddable":true,"href":"https:\/\/gradski.me\/en\/wp-json\/wp\/v2\/comments?post=903064"}],"version-history":[{"count":0,"href":"https:\/\/gradski.me\/en\/wp-json\/wp\/v2\/posts\/903064\/revisions"}],"wp:featuredmedia":[{"embeddable":true,"href":"https:\/\/gradski.me\/en\/wp-json\/wp\/v2\/media\/903065"}],"wp:attachment":[{"href":"https:\/\/gradski.me\/en\/wp-json\/wp\/v2\/media?parent=903064"}],"wp:term":[{"taxonomy":"category","embeddable":true,"href":"https:\/\/gradski.me\/en\/wp-json\/wp\/v2\/categories?post=903064"},{"taxonomy":"post_tag","embeddable":true,"href":"https:\/\/gradski.me\/en\/wp-json\/wp\/v2\/tags?post=903064"},{"taxonomy":"naslovna","embeddable":true,"href":"https:\/\/gradski.me\/en\/wp-json\/wp\/v2\/naslovna?post=903064"}],"curies":[{"name":"wp","href":"https:\/\/api.w.org\/{rel}","templated":true}]}}