{"id":902983,"date":"2026-02-03T15:26:00","date_gmt":"2026-02-03T14:26:00","guid":{"rendered":"https:\/\/new.gradski.me\/uncategorized\/milovic-vlada-ponizila-penzionere\/"},"modified":"2026-02-03T15:26:00","modified_gmt":"2026-02-03T14:26:00","slug":"milovic-vlada-ponizila-penzionere","status":"publish","type":"post","link":"https:\/\/gradski.me\/en\/politika\/milovic-vlada-ponizila-penzionere\/","title":{"rendered":"Milovi\u0107: Vlada ponizila penzionere"},"content":{"rendered":"<p><\/p>\n\n\n\n<p><\/p>\n\n\n\n<p>&#8222;Prazna obe\u0107anja pokazuju da socijalna pravda nije prioritet, dok spirala inflacije i rastu\u0107ih zadu\u017eenja gra\u0111ana postaju no\u0107na mora&#8220;, kazao je Milovi\u0107.<\/p>\n\n\n\n<p>Penzioneri su, kako ka\u017ee, prevareni, potcijenjeni i prepu\u0161teni sami sebi.<\/p>\n\n\n\n<p>&#8222;Upravo se oni svakodnevno bore za egzistenciju i postavlja se pitanje kako \u0107e spojiti &#8222;kraj s krajem&#8220;, ba\u0161 kao i ve\u0107ina gra\u0111ana nakon najdu\u017eeg mjeseca u godini&#8220;, navodi Milovi\u0107.<\/p>","protected":false},"excerpt":{"rendered":"<p>Minimalna penzija od 450 eura, koja ve\u0107 dvije godine nije pove\u0107avana, uve\u0107ana je za mizernih 1,74 \u20ac &#8211; \u0161to je vi\u0161e nego poni\u017eavaju\u0107e za vi\u0161e od polovine penzionera, ocijenio je poslanik DPS-a Nikola Milovi\u0107.<\/p>","protected":false},"author":4,"featured_media":899417,"comment_status":"open","ping_status":"open","sticky":false,"template":"","format":"standard","meta":{"_acf_changed":false,"footnotes":"","jetpack_publicize_message":"","jetpack_publicize_feature_enabled":true,"jetpack_social_post_already_shared":false,"jetpack_social_options":{"image_generator_settings":{"template":"highway","default_image_id":0,"font":"","enabled":false},"version":2}},"categories":[7],"tags":[88,1432,5115],"naslovna":[],"class_list":["post-902983","post","type-post","status-publish","format-standard","has-post-thumbnail","hentry","category-politika","tag-dps","tag-nikola-milovic","tag-penzioneri"],"acf":[],"jetpack_publicize_connections":[],"_links":{"self":[{"href":"https:\/\/gradski.me\/en\/wp-json\/wp\/v2\/posts\/902983","targetHints":{"allow":["GET"]}}],"collection":[{"href":"https:\/\/gradski.me\/en\/wp-json\/wp\/v2\/posts"}],"about":[{"href":"https:\/\/gradski.me\/en\/wp-json\/wp\/v2\/types\/post"}],"author":[{"embeddable":true,"href":"https:\/\/gradski.me\/en\/wp-json\/wp\/v2\/users\/4"}],"replies":[{"embeddable":true,"href":"https:\/\/gradski.me\/en\/wp-json\/wp\/v2\/comments?post=902983"}],"version-history":[{"count":0,"href":"https:\/\/gradski.me\/en\/wp-json\/wp\/v2\/posts\/902983\/revisions"}],"wp:featuredmedia":[{"embeddable":true,"href":"https:\/\/gradski.me\/en\/wp-json\/wp\/v2\/media\/899417"}],"wp:attachment":[{"href":"https:\/\/gradski.me\/en\/wp-json\/wp\/v2\/media?parent=902983"}],"wp:term":[{"taxonomy":"category","embeddable":true,"href":"https:\/\/gradski.me\/en\/wp-json\/wp\/v2\/categories?post=902983"},{"taxonomy":"post_tag","embeddable":true,"href":"https:\/\/gradski.me\/en\/wp-json\/wp\/v2\/tags?post=902983"},{"taxonomy":"naslovna","embeddable":true,"href":"https:\/\/gradski.me\/en\/wp-json\/wp\/v2\/naslovna?post=902983"}],"curies":[{"name":"wp","href":"https:\/\/api.w.org\/{rel}","templated":true}]}}