{"id":902841,"date":"2026-02-02T20:58:00","date_gmt":"2026-02-02T19:58:00","guid":{"rendered":"https:\/\/new.gradski.me\/uncategorized\/djeljosaj-usvajanjem-zakona-o-slobodnim-zonama-stavljena-tacka-na-sverc-cigareta\/"},"modified":"2026-02-02T20:58:00","modified_gmt":"2026-02-02T19:58:00","slug":"djeljosaj-usvajanjem-zakona-o-slobodnim-zonama-stavljena-tacka-na-sverc-cigareta","status":"publish","type":"post","link":"https:\/\/gradski.me\/en\/ekonomija\/djeljosaj-usvajanjem-zakona-o-slobodnim-zonama-stavljena-tacka-na-sverc-cigareta\/","title":{"rendered":"\u0110eljo\u0161aj: Usvajanjem Zakona o slobodnim zonama stavljena ta\u010dka na \u0161verc cigareta"},"content":{"rendered":"<p><\/p>\n\n\n\n<p>On je kazao da je u Luci Bar u potpunosti zabranjena svaka djelatnost vezana za cigarete i duvanske proizvode, od skladi\u0161tenja i tranzita do prometa i pretovara.<\/p>\n\n\n\n<p>\u201cSlobodne zone vi\u0161e nijesu prostor za zloupotrebe, ve\u0107 jasno ure\u0111eni sistemi pod punom kontrolom dr\u017eave\u201d, istakao je \u0110eljo\u0161aj.&nbsp;<\/p>","protected":false},"excerpt":{"rendered":"<p>Usvajanjem Zakona o slobodnim zonama stavljena je ta\u010dka na \u0161verc cigareta u Crnoj Gori, ocijenio je potpredsjednik Vlade za ekonomsku politiku i ministar ekonomskog razvoja Nik \u0110eljo\u0161aj.<\/p>","protected":false},"author":16,"featured_media":902842,"comment_status":"open","ping_status":"open","sticky":false,"template":"","format":"standard","meta":{"_acf_changed":false,"footnotes":"","jetpack_publicize_message":"","jetpack_publicize_feature_enabled":true,"jetpack_social_post_already_shared":false,"jetpack_social_options":{"image_generator_settings":{"template":"highway","default_image_id":0,"font":"","enabled":false},"version":2}},"categories":[8],"tags":[151,8100],"naslovna":[],"class_list":["post-902841","post","type-post","status-publish","format-standard","has-post-thumbnail","hentry","category-ekonomija","tag-nik-djeljosaj","tag-sverc-cigareta"],"acf":[],"jetpack_publicize_connections":[],"_links":{"self":[{"href":"https:\/\/gradski.me\/en\/wp-json\/wp\/v2\/posts\/902841","targetHints":{"allow":["GET"]}}],"collection":[{"href":"https:\/\/gradski.me\/en\/wp-json\/wp\/v2\/posts"}],"about":[{"href":"https:\/\/gradski.me\/en\/wp-json\/wp\/v2\/types\/post"}],"author":[{"embeddable":true,"href":"https:\/\/gradski.me\/en\/wp-json\/wp\/v2\/users\/16"}],"replies":[{"embeddable":true,"href":"https:\/\/gradski.me\/en\/wp-json\/wp\/v2\/comments?post=902841"}],"version-history":[{"count":0,"href":"https:\/\/gradski.me\/en\/wp-json\/wp\/v2\/posts\/902841\/revisions"}],"wp:featuredmedia":[{"embeddable":true,"href":"https:\/\/gradski.me\/en\/wp-json\/wp\/v2\/media\/902842"}],"wp:attachment":[{"href":"https:\/\/gradski.me\/en\/wp-json\/wp\/v2\/media?parent=902841"}],"wp:term":[{"taxonomy":"category","embeddable":true,"href":"https:\/\/gradski.me\/en\/wp-json\/wp\/v2\/categories?post=902841"},{"taxonomy":"post_tag","embeddable":true,"href":"https:\/\/gradski.me\/en\/wp-json\/wp\/v2\/tags?post=902841"},{"taxonomy":"naslovna","embeddable":true,"href":"https:\/\/gradski.me\/en\/wp-json\/wp\/v2\/naslovna?post=902841"}],"curies":[{"name":"wp","href":"https:\/\/api.w.org\/{rel}","templated":true}]}}