{"id":902809,"date":"2026-02-02T18:09:00","date_gmt":"2026-02-02T17:09:00","guid":{"rendered":"https:\/\/new.gradski.me\/uncategorized\/video-popovic-strozi-kriterijumi-za-dodjelu-luce-motivisace-djecu-da-vise-uce-spadijer-nova-odluka-smanjice-hiperprodukciju-diploma\/"},"modified":"2026-02-02T18:09:00","modified_gmt":"2026-02-02T17:09:00","slug":"video-popovic-strozi-kriterijumi-za-dodjelu-luce-motivisace-djecu-da-vise-uce-spadijer-nova-odluka-smanjice-hiperprodukciju-diploma","status":"publish","type":"post","link":"https:\/\/gradski.me\/en\/drustvo\/video-popovic-strozi-kriterijumi-za-dodjelu-luce-motivisace-djecu-da-vise-uce-spadijer-nova-odluka-smanjice-hiperprodukciju-diploma\/","title":{"rendered":"(VIDEO) Popovi\u0107: Stro\u017ei kriterijumi za dodjelu &#8222;Lu\u010de&#8220; motivisa\u0107e djecu da vi\u0161e u\u010de; \u0160padijer: Nova odluka smanji\u0107e hiperprodukciju diploma"},"content":{"rendered":"<p><\/p>\n\n\n\n<p><\/p>\n\n\n\n<p>Diploma &#8222;Lu\u010da&#8220;, nekada simbol izuzetnog znanja i truda, posljednjih godina dodjeljuje se u rekordnom broju. Samo u \u0161kolskoj 2022\/2023-toj dobilo je 1809 u\u010denika, u 2025-toj gotovo isto toliko. Zbog, kako navode iz Ministarstva prosvjete, hiperprodukcije ovog priznanja, jo\u0161 2024. godine najavljeno je preispitivanje kriterijuma, koje je rezultiralo novom Uredbom, usvojenom 29. januara ove godine.<\/p>\n\n\n\n<p>Novim rje\u0161enjem je predvi\u0111eno da nosioci diplome \u201cLu\u010da\u201d pored odli\u010dnog uspjeha i primjernog vladanja, moraju imati i odli\u010dan uspjeh na eksternom testiranju znanja, odnosno, maturskom i stru\u010dnom ispitu. U\u010denik, u skladu sa Uredbom, mo\u017ee dobiti ovo priznanje i ako je iz jednog od nastavnih predmeta i predmeta koji se ocjenjuju broj\u010danom ocjenom dobio ocjenu najmanje vrlo dobar.<\/p>\n\n\n\n<p>Iz Prosvjetne zajednice Crne Gore za TV Podgorica su naveli da je dono\u0161enje Uredbe bilo neophodno.<\/p>\n\n\n\n<p>&#8222;Ako ve\u0107 godinama pri\u010damo o hiperprodukciji Lu\u010da i ako tu hiperprodukciju neopravdavaju rezultati maturskih ispita i rezultati na prijemnim ispitima onda sigurno da ne\u0161to nije u redu, sigurno da ovakva odluka ministarstva ima svoje mjesto&#8220;, kazao je <strong>Petar \u0160padijer<\/strong> iz Prosvjetne zajednice Crne Gore.<\/p>\n\n\n\n<p>S druge strane, iz nevladinog sektora upozoravaju na mogu\u0107e probleme u primjeni nove Uredbe.<\/p>\n\n\n\n<p>\u201eCGO smatra da je nova Uredba o diplomi \u201cLu\u010da\u201d opravdana u dijelu za\u0161tite izvrsnosti. Me\u0111utim, uslovljavanje dodjele ovog priznanja isklju\u010divo rezultatom na eksternoj provjeri znanja mo\u017ee biti nepravi\u010dno, naro\u010dito za u\u010denike osnovnih \u0161kola. Stres, trema ili lo\u0161 dan mogu poni\u0161titi vi\u0161egodi\u0161nji trud u\u010denika&#8220;, istakla je vi\u0161a pravna savjetnica u CGO, <strong>Snezana Kaludjerovic<\/strong>.<\/p>\n\n\n\n<p>Direktorica Osnovne \u0161kole &#8222;Pavle Rovinski&#8220; <strong>Natasa Popovic<\/strong> smatra da nova Uredba ne\u0107e pove\u0107ati pritisak na djecu, ve\u0107 ih dodatno motivisati.<\/p>\n\n\n\n<p>&#8222;Osnovnu \u0161kolu treba zaokru\u017eiti eksternom provjerom znanja i negdje \u0107e to u\u010denike motivisati ova nova uredba da odgovornije sa vi\u0161e truda i rada pristupe tom ispitu. Smatram da ipak treba vratiti ugled ovom presti\u017enom priznanju&#8220;, kazala je Popovi\u0107.<\/p>\n\n\n\n<p>Sli\u010dno poru\u010duju i iz Udru\u017eenja roditelji, ali uz odre\u0111ene rezerve.<\/p>\n\n\n\n<p>&#8222;Znate i sami da se puno \u010dekalo da se kona\u010dno ne\u0161to uradi jer znamo i svjesni smo kao dru\u0161tvo da imamo hiperprodukciju Lu\u010da i da to nije to, s tim \u0161to jedan dio roditelja ukazuje na to da bi trebalo razmisliti za sada predstavljenom modelu, da li to zaista zna\u010di da \u0107e nekome lo\u0161 dan na sveukupni uspjeh i da to nije fer i nije u redu&#8220;, kazala je <strong>Kristina Mihailovi\u0107<\/strong> iz Udru\u017eenja Roditelji.<\/p>\n\n\n\n<p>Kako bi se to izbjeglo, iz Prosvjetne zajednice smatraju da se moralo druga\u010dije pristupiti kreiranju Uredbi i pogledu na maturski ispit.<\/p>\n\n\n\n<p>&#8222;Ono \u0161to je meni kao nastavniku iz u\u010dionice jako zna\u010dajno opomenu ili sugestiju Ministarstvu prosvjete da se ovakve odluke ne donose bez \u0161iroke komunikacije i \u0161irokih konsultacija sa ljudima iz neposredne nastavne prakse&#8220;, istakao je \u0160padijer.<\/p>\n\n\n\n<p>Stres, trema ili lo\u0161 dan mogu uticati na svakoga, a kad govorimo o djeci koja tek u\u010de kako da se sna\u0111u u svijetu, takav faktor mo\u017ee biti posebno zna\u010dajan. Zbog toga iz Udru\u017eenja roditelji poru\u010duju da je klju\u010dno da Ministarstvo na vrijeme i jasno objasni sve detalje novih pravila, kako bi u\u010denici imali vremena da se pripreme do po\u010detka naredne \u0161kolske godine, kada \u0107e Uredba po\u010deti da se primjenjuje.<\/p>\n\n\n\n<figure class=\"wp-block-embed is-type-video is-provider-youtube wp-block-embed-youtube wp-embed-aspect-16-9 wp-has-aspect-ratio\"><div class=\"wp-block-embed__wrapper\">\n<iframe title=\"&quot;Stro\u017ei kriterijumi za dodjelu \u201eLu\u010de\u201c motivisa\u0107e djecu da vi\u0161e u\u010de; Smanji\u0107e se hiperprodukcija&quot;\" width=\"800\" height=\"450\" src=\"https:\/\/www.youtube.com\/embed\/qGw2BEyw83w?feature=oembed\" frameborder=\"0\" allow=\"accelerometer; autoplay; clipboard-write; encrypted-media; gyroscope; picture-in-picture; web-share\" referrerpolicy=\"strict-origin-when-cross-origin\" allowfullscreen><\/iframe>\n<\/div><\/figure>","protected":false},"excerpt":{"rendered":"<p>Vlada Crne Gore usvojila je, na prethodnoj sjednici, novu Uredbu o diplomi &#8222;Lu\u010da&#8220;, kojom se poo\u0161travaju kriterijumi za dobijanje tog presti\u017enog \u0111a\u010dkog priznanja. Dok jedni smatraju da se time vra\u0107a ugled diplomi, drugi upozoravaju da bi novi model mogao biti nepravi\u010dan za dio u\u010denika.<\/p>","protected":false},"author":4,"featured_media":902810,"comment_status":"open","ping_status":"open","sticky":false,"template":"","format":"standard","meta":{"_acf_changed":false,"footnotes":"","jetpack_publicize_message":"","jetpack_publicize_feature_enabled":true,"jetpack_social_post_already_shared":false,"jetpack_social_options":{"image_generator_settings":{"template":"highway","default_image_id":0,"font":"","enabled":false},"version":2}},"categories":[9],"tags":[18058,17923,18138,18139,18140,7161],"naslovna":[],"class_list":["post-902809","post","type-post","status-publish","format-standard","has-post-thumbnail","hentry","category-drustvo","tag-diploma-luca","tag-kristina-mihailovic","tag-natasa-popovic","tag-petar-spadijer","tag-prosvjetna-zajednica","tag-snezana-kaludjerovic"],"acf":[],"jetpack_publicize_connections":[],"_links":{"self":[{"href":"https:\/\/gradski.me\/en\/wp-json\/wp\/v2\/posts\/902809","targetHints":{"allow":["GET"]}}],"collection":[{"href":"https:\/\/gradski.me\/en\/wp-json\/wp\/v2\/posts"}],"about":[{"href":"https:\/\/gradski.me\/en\/wp-json\/wp\/v2\/types\/post"}],"author":[{"embeddable":true,"href":"https:\/\/gradski.me\/en\/wp-json\/wp\/v2\/users\/4"}],"replies":[{"embeddable":true,"href":"https:\/\/gradski.me\/en\/wp-json\/wp\/v2\/comments?post=902809"}],"version-history":[{"count":0,"href":"https:\/\/gradski.me\/en\/wp-json\/wp\/v2\/posts\/902809\/revisions"}],"wp:featuredmedia":[{"embeddable":true,"href":"https:\/\/gradski.me\/en\/wp-json\/wp\/v2\/media\/902810"}],"wp:attachment":[{"href":"https:\/\/gradski.me\/en\/wp-json\/wp\/v2\/media?parent=902809"}],"wp:term":[{"taxonomy":"category","embeddable":true,"href":"https:\/\/gradski.me\/en\/wp-json\/wp\/v2\/categories?post=902809"},{"taxonomy":"post_tag","embeddable":true,"href":"https:\/\/gradski.me\/en\/wp-json\/wp\/v2\/tags?post=902809"},{"taxonomy":"naslovna","embeddable":true,"href":"https:\/\/gradski.me\/en\/wp-json\/wp\/v2\/naslovna?post=902809"}],"curies":[{"name":"wp","href":"https:\/\/api.w.org\/{rel}","templated":true}]}}