{"id":902807,"date":"2026-02-02T16:44:00","date_gmt":"2026-02-02T15:44:00","guid":{"rendered":"https:\/\/new.gradski.me\/uncategorized\/evropska-komisija-jos-razmatra-izmjene-zakona-o-anb-i-unutrasnjim-poslovima\/"},"modified":"2026-02-02T16:44:00","modified_gmt":"2026-02-02T15:44:00","slug":"evropska-komisija-jos-razmatra-izmjene-zakona-o-anb-i-unutrasnjim-poslovima","status":"publish","type":"post","link":"https:\/\/gradski.me\/en\/politika\/evropska-komisija-jos-razmatra-izmjene-zakona-o-anb-i-unutrasnjim-poslovima\/","title":{"rendered":"Evropska komisija jo\u0161 razmatra izmjene zakona o ANB i unutra\u0161njim poslovima"},"content":{"rendered":"<p><\/p>\n\n\n\n<p>\u201cKomisija trenutno procjenjuje amandmane na Zakon o unutra\u0161njim poslovima i Zakon o Agenciji za nacionalnu bezbjednost koje nam je dostavila crnogorska vlada. Nakon zavr\u0161etka na\u0161ih procjena, dostavi\u0107emo povratne informacije o ovim nacrtima zakona crnogorskim vlastima\u201d, navodi se u pisanom odgovoru portparola Evropske komisije.<\/p>\n\n\n\n<p>Iz Komisije poru\u010duju da u ovoj fazi nemaju dodatnih komentara.<\/p>\n\n\n\n<p>Vlada Crne Gore uputila je ranije Skup\u0161tini Predlog zakona o Agenciji za nacionalnu bezbjednost, kojim se, kako su tvrdili, uvodi sveobuhvatna modernizacija rada ANB-a i ja\u010da kontrola nad sprovo\u0111enjem najosjetljivijih mjera.<\/p>\n\n\n\n<p>Iz Evropske komisije su prethodno poru\u010dili da o\u010dekuju da Crna Gora pru\u017ei odgovaraju\u0107a poja\u0161njenja u vezi sa svrhom i obimom predlo\u017eenih izmjena zakona i omogu\u0107i im da izvr\u0161e temeljnu analizu prije njegovog usvajanja.<\/p>\n\n\n\n<p>Tako\u0111e, vi\u0161e od 20 organizacija insistiralo je na potpunom povla\u010denju Predloga zakona iz skup\u0161tinske procedure u cilju usagla\u0161avanja sa doma\u0107im i me\u0111unarodnim standardima i preporukama Komiteta Ujedinjenih nacija za ljudska prava.<\/p>\n\n\n\n<p>Odbor za politi\u010dki sistem, pravosu\u0111e i upravu dao je ranije zeleno svjetlo na Predlog zakona o izmjenama i dopunama Zakona o unutra\u0161njim poslovima i uputio ga na plenum. Iz Akcije za ljudska prava (HRA) kazali su da je predlog zakona suprotan Ustavu i me\u0111unarodnim standardima.<\/p>","protected":false},"excerpt":{"rendered":"<p>Amandmani na zakone o unutra\u0161njim poslovima i Agenciji za nacionalnu bezbjednost na procjeni su u Evropskoj komisiji, potvr\u0111eno je RTCG u Briselu.<\/p>","protected":false},"author":4,"featured_media":902808,"comment_status":"open","ping_status":"open","sticky":false,"template":"","format":"standard","meta":{"_acf_changed":false,"footnotes":"","jetpack_publicize_message":"","jetpack_publicize_feature_enabled":true,"jetpack_social_post_already_shared":false,"jetpack_social_options":{"image_generator_settings":{"template":"highway","default_image_id":0,"font":"","enabled":false},"version":2}},"categories":[7],"tags":[1064,2958,844],"naslovna":[],"class_list":["post-902807","post","type-post","status-publish","format-standard","has-post-thumbnail","hentry","category-politika","tag-anb","tag-evropska-komisija","tag-mup"],"acf":[],"jetpack_publicize_connections":[],"_links":{"self":[{"href":"https:\/\/gradski.me\/en\/wp-json\/wp\/v2\/posts\/902807","targetHints":{"allow":["GET"]}}],"collection":[{"href":"https:\/\/gradski.me\/en\/wp-json\/wp\/v2\/posts"}],"about":[{"href":"https:\/\/gradski.me\/en\/wp-json\/wp\/v2\/types\/post"}],"author":[{"embeddable":true,"href":"https:\/\/gradski.me\/en\/wp-json\/wp\/v2\/users\/4"}],"replies":[{"embeddable":true,"href":"https:\/\/gradski.me\/en\/wp-json\/wp\/v2\/comments?post=902807"}],"version-history":[{"count":0,"href":"https:\/\/gradski.me\/en\/wp-json\/wp\/v2\/posts\/902807\/revisions"}],"wp:featuredmedia":[{"embeddable":true,"href":"https:\/\/gradski.me\/en\/wp-json\/wp\/v2\/media\/902808"}],"wp:attachment":[{"href":"https:\/\/gradski.me\/en\/wp-json\/wp\/v2\/media?parent=902807"}],"wp:term":[{"taxonomy":"category","embeddable":true,"href":"https:\/\/gradski.me\/en\/wp-json\/wp\/v2\/categories?post=902807"},{"taxonomy":"post_tag","embeddable":true,"href":"https:\/\/gradski.me\/en\/wp-json\/wp\/v2\/tags?post=902807"},{"taxonomy":"naslovna","embeddable":true,"href":"https:\/\/gradski.me\/en\/wp-json\/wp\/v2\/naslovna?post=902807"}],"curies":[{"name":"wp","href":"https:\/\/api.w.org\/{rel}","templated":true}]}}