{"id":902784,"date":"2026-02-02T14:35:00","date_gmt":"2026-02-02T13:35:00","guid":{"rendered":"https:\/\/new.gradski.me\/uncategorized\/vesovic-povecanje-penzije-od-174-eura-ponizavajuce\/"},"modified":"2026-02-02T14:35:00","modified_gmt":"2026-02-02T13:35:00","slug":"vesovic-povecanje-penzije-od-174-eura-ponizavajuce","status":"publish","type":"post","link":"https:\/\/gradski.me\/en\/drustvo\/vesovic-povecanje-penzije-od-174-eura-ponizavajuce\/","title":{"rendered":"Ve\u0161ovi\u0107: Pove\u0107anje penzije od 1,74 eura poni\u017eavaju\u0107e"},"content":{"rendered":"<p><\/p>\n\n\n\n<p>\u201cNa minimalnu penziju od 450 eura, koja nije pove\u0107avana pune dvije godine i koju prima vi\u0161e od polovine od ukupno 132.000 penzionera, pove\u0107anje od 0,38 odsto iznosi svega 1,74 eura. To nije pove\u0107anje, to je uvreda i poni\u017eenje\u201d, kazao je Ve\u0161ovi\u0107.<\/p>\n\n\n\n<p>Prema njegovim rije\u010dima, ovakva odluka predstavlja direktan udar na dostojanstvo penzionera \u2013 ljudi koji su gradili puteve, \u0161kole, bolnice, fabrike i institucije ove dr\u017eave. Penzioneri nijesu i ne smiju biti socijalni teret, ve\u0107 temelj dru\u0161tva, zbog \u010dega zahtijevaju da se prema njima dr\u017eava odnosi s po\u0161tovanjem, a ne sa statisti\u010dkom ravnodu\u0161no\u0161\u0107u.<\/p>\n\n\n\n<p>\u201cSavez penzionera Crne Gore ne\u0107e prihvatiti simboli\u010dno, sramno i formalno pove\u0107anje koje slu\u017ei isklju\u010divo da se ispune zakonske norme, dok stvarni \u017eivotni tro\u0161kovi iz dana u dan rastu. Inflacija, cijene hrane, lijekova i komunalija ne mogu se pokriti mizernim iznosom od 1,74 eura\u201d, poru\u010dio je Ve\u0161ovi\u0107.<\/p>\n\n\n\n<p>On je podsjetio da pove\u0107anje od 0,38 odsto u uslovima rekordne inflacije ne mo\u017ee ni pribli\u017eno ubla\u017eiti sve te\u017ei \u017eivotni standard penzionera, koji nijesu brojke niti statisti\u010dki podaci, ve\u0107 ljudi koji svakodnevno osje\u0107aju posljedice odluka nadle\u017enih.<\/p>\n\n\n\n<p>\u201cSavez penzionera Crne Gore poziva Vladu, Ministarstvo finansija i rukovodstvo Fonda PIO da hitno preispitaju ovu odluku i predlo\u017ee realno, pravedno i \u010dovje\u010dno pove\u0107anje penzija, koje \u0107e zaista odra\u017eavati rast cijena i realne \u017eivotne tro\u0161kove\u201d, dodaje Ve\u0161ovi\u0107.<\/p>\n\n\n\n<p>U suprotnom, zaklju\u010duje, Savez \u0107e biti primoran da iskoristi sva zakonom dozvoljena demokratska sredstva u cilju za\u0161tite prava i dostojanstva penzionera, koji zaslu\u017euju da \u017eive dostojanstveno nakon \u017eivota provedenog u radu i doprinosu dru\u0161tvu.<\/p>","protected":false},"excerpt":{"rendered":"<p>Predsjednik Saveza penzionera Crne Gore Branko Ve\u0161ovi\u0107 saop\u0161tio je da na sjednici Upravnog odbora Fonda PIO nije podr\u017eao predlog o pove\u0107anju penzija od 0,38 odsto, ocjenjuju\u0107i da je takvo uve\u0107anje poni\u017eavaju\u0107e, nepravedno i nedostojno prema ljudima koji su decenijama doprinosili razvoju dr\u017eave.<\/p>","protected":false},"author":4,"featured_media":902785,"comment_status":"open","ping_status":"open","sticky":false,"template":"","format":"standard","meta":{"_acf_changed":false,"footnotes":"","jetpack_publicize_message":"","jetpack_publicize_feature_enabled":true,"jetpack_social_post_already_shared":false,"jetpack_social_options":{"image_generator_settings":{"template":"highway","default_image_id":0,"font":"","enabled":false},"version":2}},"categories":[9],"tags":[18125,18126,18127],"naslovna":[],"class_list":["post-902784","post","type-post","status-publish","format-standard","has-post-thumbnail","hentry","category-drustvo","tag-branko-vesovic","tag-ponizavanje","tag-povecanje-penzija"],"acf":[],"jetpack_publicize_connections":[],"_links":{"self":[{"href":"https:\/\/gradski.me\/en\/wp-json\/wp\/v2\/posts\/902784","targetHints":{"allow":["GET"]}}],"collection":[{"href":"https:\/\/gradski.me\/en\/wp-json\/wp\/v2\/posts"}],"about":[{"href":"https:\/\/gradski.me\/en\/wp-json\/wp\/v2\/types\/post"}],"author":[{"embeddable":true,"href":"https:\/\/gradski.me\/en\/wp-json\/wp\/v2\/users\/4"}],"replies":[{"embeddable":true,"href":"https:\/\/gradski.me\/en\/wp-json\/wp\/v2\/comments?post=902784"}],"version-history":[{"count":0,"href":"https:\/\/gradski.me\/en\/wp-json\/wp\/v2\/posts\/902784\/revisions"}],"wp:featuredmedia":[{"embeddable":true,"href":"https:\/\/gradski.me\/en\/wp-json\/wp\/v2\/media\/902785"}],"wp:attachment":[{"href":"https:\/\/gradski.me\/en\/wp-json\/wp\/v2\/media?parent=902784"}],"wp:term":[{"taxonomy":"category","embeddable":true,"href":"https:\/\/gradski.me\/en\/wp-json\/wp\/v2\/categories?post=902784"},{"taxonomy":"post_tag","embeddable":true,"href":"https:\/\/gradski.me\/en\/wp-json\/wp\/v2\/tags?post=902784"},{"taxonomy":"naslovna","embeddable":true,"href":"https:\/\/gradski.me\/en\/wp-json\/wp\/v2\/naslovna?post=902784"}],"curies":[{"name":"wp","href":"https:\/\/api.w.org\/{rel}","templated":true}]}}