{"id":902460,"date":"2026-01-31T19:25:00","date_gmt":"2026-01-31T18:25:00","guid":{"rendered":"https:\/\/new.gradski.me\/uncategorized\/novljani-ubjedljivi-u-beogradu\/"},"modified":"2026-01-31T19:25:00","modified_gmt":"2026-01-31T18:25:00","slug":"novljani-ubjedljivi-u-beogradu","status":"publish","type":"post","link":"https:\/\/gradski.me\/en\/sport\/novljani-ubjedljivi-u-beogradu\/","title":{"rendered":"Novljani ubjedljivi u Beogradu"},"content":{"rendered":"<p>Bilo je 1:1, a onda je uslijedila serija Novljana 10:1 kojom je rije\u0161eno pitanje pobjednika ve\u0107 do poluvremena&#8230;<\/p>\n\n\n\n<p>Najefikasniji kod pobjednika bio je Strahinja Gojkovi\u0107 sa \u010detiri gola, jedan manje dodao je Danil Merkulov. Matija Sladovi\u0107,\u00a0Vasilije Radovi\u0107a\u00a0i Holod postigli su po dva,\u00a0Danilo Stupar,\u00a0Sr\u0111an Janovi\u0107,\u00a0Jovan Vujovi\u0107\u00a0i\u00a0Tadija Matija\u0161evi\u0107\u00a0po jedan gol.<\/p>\n\n\n\n<p>Na drugoj strani prednja\u010dio je Miljan \u0110okanovi\u0107 sa tri pogotka.<\/p>\n\n\n\n<p>Jadran u narednom kolu, sedmog februrara do\u010dekuje kragujeva\u010dki Radni\u010dki. <\/p>\n\n\n\n<p>Primorac od 20 \u010dasova do\u010dekuje vode\u0107i \u0160abac, a tre\u0107i na\u0161 predstavnik Budu\u0107nost, sjutra (19h) \u0107e biti doma\u0107in Radni\u010dkom. <\/p>\n\n\n\n<p><\/p>","protected":false},"excerpt":{"rendered":"<p>Vaterpolisti hercegnovskog Jadrana opravdali su ulogu apsolutnog favorita protiv Partizana &#8211; izabranici Vladimira Gojkovi\u0107a slavili su ve\u010deras u Beogradu ubjedljivu pobjedu 17:7 (6:1, 6:1, 1:1, 4:4) u okviru osmom kola Regionalne lige.<\/p>","protected":false},"author":7,"featured_media":902461,"comment_status":"open","ping_status":"open","sticky":false,"template":"","format":"standard","meta":{"_acf_changed":false,"footnotes":"","jetpack_publicize_message":"","jetpack_publicize_feature_enabled":true,"jetpack_social_post_already_shared":false,"jetpack_social_options":{"image_generator_settings":{"template":"highway","default_image_id":0,"font":"","enabled":false},"version":2}},"categories":[15],"tags":[1902,6115,10846],"naslovna":[],"class_list":["post-902460","post","type-post","status-publish","format-standard","has-post-thumbnail","hentry","category-sport","tag-pvk-jadran-mtel","tag-regionalna-premijer-liga","tag-vk-partizan"],"acf":[],"jetpack_publicize_connections":[],"_links":{"self":[{"href":"https:\/\/gradski.me\/en\/wp-json\/wp\/v2\/posts\/902460","targetHints":{"allow":["GET"]}}],"collection":[{"href":"https:\/\/gradski.me\/en\/wp-json\/wp\/v2\/posts"}],"about":[{"href":"https:\/\/gradski.me\/en\/wp-json\/wp\/v2\/types\/post"}],"author":[{"embeddable":true,"href":"https:\/\/gradski.me\/en\/wp-json\/wp\/v2\/users\/7"}],"replies":[{"embeddable":true,"href":"https:\/\/gradski.me\/en\/wp-json\/wp\/v2\/comments?post=902460"}],"version-history":[{"count":0,"href":"https:\/\/gradski.me\/en\/wp-json\/wp\/v2\/posts\/902460\/revisions"}],"wp:featuredmedia":[{"embeddable":true,"href":"https:\/\/gradski.me\/en\/wp-json\/wp\/v2\/media\/902461"}],"wp:attachment":[{"href":"https:\/\/gradski.me\/en\/wp-json\/wp\/v2\/media?parent=902460"}],"wp:term":[{"taxonomy":"category","embeddable":true,"href":"https:\/\/gradski.me\/en\/wp-json\/wp\/v2\/categories?post=902460"},{"taxonomy":"post_tag","embeddable":true,"href":"https:\/\/gradski.me\/en\/wp-json\/wp\/v2\/tags?post=902460"},{"taxonomy":"naslovna","embeddable":true,"href":"https:\/\/gradski.me\/en\/wp-json\/wp\/v2\/naslovna?post=902460"}],"curies":[{"name":"wp","href":"https:\/\/api.w.org\/{rel}","templated":true}]}}