{"id":902451,"date":"2026-01-31T18:47:00","date_gmt":"2026-01-31T17:47:00","guid":{"rendered":"https:\/\/new.gradski.me\/uncategorized\/susic-potpuno-neracionalno-i-suprotno-cilju-bilo-bi-napustanje-vlasti-i-otvaranje-prostora-za-politicke-protivnike\/"},"modified":"2026-01-31T18:47:00","modified_gmt":"2026-01-31T17:47:00","slug":"susic-potpuno-neracionalno-i-suprotno-cilju-bilo-bi-napustanje-vlasti-i-otvaranje-prostora-za-politicke-protivnike","status":"publish","type":"post","link":"https:\/\/gradski.me\/en\/podgorica\/susic-potpuno-neracionalno-i-suprotno-cilju-bilo-bi-napustanje-vlasti-i-otvaranje-prostora-za-politicke-protivnike\/","title":{"rendered":"\u0160u\u0161i\u0107: Potpuno neracionalno i suprotno cilju bilo bi napu\u0161tanje vlasti i otvaranje prostora za politi\u010dke protivnike"},"content":{"rendered":"<p><\/p>\n\n\n\n<p>Demokratska narodna partija ju\u010de je uskratila podr\u0161ku Vladi Crne Gore i rukovodstvu Glavnog grada, a \u0160u\u0161i\u0107 navodi da sigurno postoji dovoljno prostora za dogovor.<\/p>\n\n\n\n<p>&#8222;Razvoj doga\u0111aja u Glavnom gradu zavisi\u0107e od toga kakve inicijative budu podnesene od strane DNP-a koji je inicirao taj sada ve\u0107 o\u010digledno izra\u017een nedostatak podr\u0161ke upravi Glavnog grada. Gradona\u010delnik Mujovi\u0107 i sve gradske slu\u017ebe nastavljaju sa svojim redovnim aktivnostima i poslovanje, sve do trenutka dok ih neko ne razrije\u0161i sa tih funkcija&#8220;, naveo je \u0160u\u0161i\u0107.<\/p>\n\n\n\n<p>To mo\u017ee da uradi, kako ka\u017ee, Skup\u0161tina, na ne\u010diju inicijativu.<\/p>\n\n\n\n<p>&#8222;Mi smo se ve\u0107 odredili po tom pitanju i ne\u0107emo biti neko ko \u0107e na taj na\u010din uskratiti povjerenje gradona\u010delniku Mujovi\u0107u i ne\u0107emo doprinijeti da ova gradska uprava u\u0111e u nestabilnost ili u izbore koji bi bili samo pola godine prije redovnih izbora&#8220;, kazao je \u0160u\u0161i\u0107.<\/p>\n\n\n\n<p>Sa druge strane, kako ka\u017ee, nisu spremni ni da podr\u017ee bilo kakvu inicijativu sa DPS-om, te da ne vjeruje da su za to spremni ni u DNP-u.<\/p>\n\n\n\n<p>&#8222;Mislim da su oni dovoljno politi\u010dki zreli da ne rje\u0161avaju tako politi\u010dko nezadovoljstvo. Zahjtevi koji su oni iznijeli, naro\u010dito identiteta, potpuno su razumljivi i nama. Zala\u017eemo se sna\u017eno za ostvarivanje tih zahtjeva, ali smatramo da postoji na\u010din kako se dolazi do nekih ciljeva u politici&#8220;, istakao je \u0160u\u0161i\u0107.<\/p>\n\n\n\n<p>Smatra neracionalnim potez da se u ovom trenutku izaziva nestabilnost.<\/p>\n\n\n\n<p>&#8222;Posebno kada imamo u vidu \u010dinjenicu da postoje i drugi politi\u010dki akteri koji imaju svoje bira\u010dko tijelo i koji ovo na neki na\u010din mogu iskoristiti. Ipak, ne vjerujem da \u0107e do toga do\u0107i i da \u0107emo biti dovoljno sna\u017eni da se odupremo i takvim projekcijama. Smatrao sam da postoji druga\u010diji i druga\u010diji pravac djelovanja u svrhu ostvarivanja djelovanja koji su nam u najve\u0107em djelu, kao koaliciji ZBPG i ZBCG, bili zajedni\u010dki&#8220;, naveo je \u0160u\u0161i\u0107.<\/p>\n\n\n\n<p>Prema njegovim rije\u010dima, trenutna uprava Glavnog grada ima zadovoljavaju\u0107e rezultate i smatra da treba da se nastavi tom dinamikom i u narednom periodu.<\/p>\n\n\n\n<p>&#8222;Bilo bi potpuno neracionalno i suprotno cilju da u ovom trenutku napu\u0161tamo vlast, izazivamo nestabilnost i otvaramo prostor za politi\u010dke protivnike. Vjerujem da ne\u0107e do\u0107i do naru\u0161avanja ove stabilnosti koju imamo u Crnoj Gori i Glavnom gradu&#8220;, kazao je \u0160u\u0161i\u0107.<\/p>\n\n\n\n<p>Navodi da bi bila potpuno atipi\u010dna situacija da jedan konstituent vlasti nastupa kao vlast, a jedan kao opozicija.<\/p>\n\n\n\n<p>&#8222;Vjerujem da dugogodi\u0161nja saradnja i godine zajedni\u010dke borbe i ciljeva mo\u017ee rezultirati pozitivnim iskorakom&#8220;, naveo je \u0160u\u0161i\u0107.<\/p>\n\n\n\n<p>Ka\u017ee da su iznijeli jasan stav po pitanju Botuna.<\/p>\n\n\n\n<p>&#8222;Smatramo da postrojenje negdje i u nekom trenutku mora da se gradi i da struka treba da da odgovor na ta pitanja. Tako\u0111e, smatrali smo da ne treba i\u0107i sa policijskom intervencijom i da to ne treba da bude trag na ovom projektu. Mislim da se sve to moglo izbje\u0107i dodatnim razgovorima&#8220;, istakao je \u0160u\u0161i\u0107.<\/p>\n\n\n\n<figure class=\"wp-block-embed is-type-video is-provider-youtube wp-block-embed-youtube wp-embed-aspect-4-3 wp-has-aspect-ratio\"><div class=\"wp-block-embed__wrapper\">\n<iframe title=\"Dnevnik 1 - Produ\u017een rok za zavr\u0161etak rekonstrukcije Ulice slobode  - 31.01.2026\" width=\"800\" height=\"450\" src=\"https:\/\/www.youtube.com\/embed\/ElNJqBA68QI?feature=oembed\" frameborder=\"0\" allow=\"accelerometer; autoplay; clipboard-write; encrypted-media; gyroscope; picture-in-picture; web-share\" referrerpolicy=\"strict-origin-when-cross-origin\" allowfullscreen><\/iframe>\n<\/div><\/figure>\n\n\n\n<p><\/p>\n\n\n\n<p><\/p>","protected":false},"excerpt":{"rendered":"<p>Bilo bi potpuno neracionalno i suprotno cilju da u ovom trenutku napu\u0161tamo vlast, izazivamo nestabilnost i otvaramo prostor za politi\u010dke protivnike, kazao je u Dnevniku &#8211; RTV Podgorica funkcioner i odbornik NSD u Skup\u0161tini Glavnog grada, Mitar \u0160u\u0161i\u0107.<\/p>","protected":false},"author":4,"featured_media":902452,"comment_status":"open","ping_status":"open","sticky":false,"template":"","format":"standard","meta":{"_acf_changed":false,"footnotes":"","jetpack_publicize_message":"","jetpack_publicize_feature_enabled":true,"jetpack_social_post_already_shared":false,"jetpack_social_options":{"image_generator_settings":{"template":"highway","default_image_id":0,"font":"","enabled":false},"version":2}},"categories":[6],"tags":[4159,3268,1572],"naslovna":[],"class_list":["post-902451","post","type-post","status-publish","format-standard","has-post-thumbnail","hentry","category-podgorica","tag-dnp","tag-mitar-susic","tag-nsd"],"acf":[],"jetpack_publicize_connections":[],"_links":{"self":[{"href":"https:\/\/gradski.me\/en\/wp-json\/wp\/v2\/posts\/902451","targetHints":{"allow":["GET"]}}],"collection":[{"href":"https:\/\/gradski.me\/en\/wp-json\/wp\/v2\/posts"}],"about":[{"href":"https:\/\/gradski.me\/en\/wp-json\/wp\/v2\/types\/post"}],"author":[{"embeddable":true,"href":"https:\/\/gradski.me\/en\/wp-json\/wp\/v2\/users\/4"}],"replies":[{"embeddable":true,"href":"https:\/\/gradski.me\/en\/wp-json\/wp\/v2\/comments?post=902451"}],"version-history":[{"count":0,"href":"https:\/\/gradski.me\/en\/wp-json\/wp\/v2\/posts\/902451\/revisions"}],"wp:featuredmedia":[{"embeddable":true,"href":"https:\/\/gradski.me\/en\/wp-json\/wp\/v2\/media\/902452"}],"wp:attachment":[{"href":"https:\/\/gradski.me\/en\/wp-json\/wp\/v2\/media?parent=902451"}],"wp:term":[{"taxonomy":"category","embeddable":true,"href":"https:\/\/gradski.me\/en\/wp-json\/wp\/v2\/categories?post=902451"},{"taxonomy":"post_tag","embeddable":true,"href":"https:\/\/gradski.me\/en\/wp-json\/wp\/v2\/tags?post=902451"},{"taxonomy":"naslovna","embeddable":true,"href":"https:\/\/gradski.me\/en\/wp-json\/wp\/v2\/naslovna?post=902451"}],"curies":[{"name":"wp","href":"https:\/\/api.w.org\/{rel}","templated":true}]}}