{"id":902438,"date":"2026-01-31T17:26:00","date_gmt":"2026-01-31T16:26:00","guid":{"rendered":"https:\/\/new.gradski.me\/uncategorized\/video-foto-predstava-djevojcica-sa-sibicama-privukla-veliku-paznju\/"},"modified":"2026-01-31T17:26:00","modified_gmt":"2026-01-31T16:26:00","slug":"video-foto-predstava-djevojcica-sa-sibicama-privukla-veliku-paznju","status":"publish","type":"post","link":"https:\/\/gradski.me\/en\/kultura\/video-foto-predstava-djevojcica-sa-sibicama-privukla-veliku-paznju\/","title":{"rendered":"(VIDEO\/FOTO) Predstava &#8222;Djevoj\u010dica sa \u0161ibicama&#8220; privukla veliku pa\u017enju"},"content":{"rendered":"<p>U predstavi u\u010destvuje 47 u\u010denika svih uzrasta, a iz O\u0160 \u201eMilorad Musa Burzan\u201c navode da sa zadovoljstvom mogu re\u0107i da su aktivno i emotivno u\u0161li u realizaciju ovog projekta. Sa njima su, kako navode, vi\u0161e od dva mjeseca radile prof. CSBG Marija Ra\u0161ovi\u0107.<\/p>\n\n\n\n<p>&#8222;Djevoj\u010dica sa \u0161ibicama&#8220; je predstava o djeci koja tragaju za sobom&#8230; ili bar djelovima sebe koje su negdje izgubili. Na topao, ponekad \u0161aljiv, ali jako emotivan na\u010din govori o ljubavi, prijateljstvu i nekoj tajnoj vezi koja nas sve spaja.<\/p>\n\n\n\n<figure class=\"wp-block-image size-large\"><img decoding=\"async\" src=\"https:\/\/gradski.me\/wp-content\/uploads\/2026\/01\/1000068813-1024x768.jpg\" alt=\"\" class=\"wp-image-917736\" title=\"\"><figcaption class=\"wp-element-caption\"><strong><em>Photo: RTV PG<\/em><\/strong><\/figcaption><\/figure>\n\n\n\n<figure class=\"wp-block-image size-large\"><img decoding=\"async\" src=\"https:\/\/gradski.me\/wp-content\/uploads\/2026\/01\/1000068814-1024x768.jpg\" alt=\"\" class=\"wp-image-917737\" title=\"\"><figcaption class=\"wp-element-caption\"><strong><em>Photo: RTV PG<\/em><\/strong><\/figcaption><\/figure>\n\n\n\n<figure class=\"wp-block-image size-large\"><img decoding=\"async\" src=\"https:\/\/gradski.me\/wp-content\/uploads\/2026\/01\/1000068812-1024x768.jpg\" alt=\"\" class=\"wp-image-917738\" title=\"\"><figcaption class=\"wp-element-caption\"><strong><em>Photo: RTV PG<\/em><\/strong><\/figcaption><\/figure>\n\n\n\n<figure class=\"wp-block-image size-large\"><img decoding=\"async\" src=\"https:\/\/gradski.me\/wp-content\/uploads\/2026\/01\/1000068815-1024x576.jpg\" alt=\"\" class=\"wp-image-917739\" title=\"\"><figcaption class=\"wp-element-caption\"><strong><em>Photo: RTV PG<\/em><\/strong><\/figcaption><\/figure>\n\n\n\n<figure class=\"wp-block-video\"><video height=\"419\" style=\"aspect-ratio: 721 \/ 419;\" width=\"721\" controls src=\"https:\/\/gradski.me\/wp-content\/uploads\/2026\/01\/1000068816.mp4\"><\/video><figcaption class=\"wp-element-caption\"><strong>Video: RTV PG<\/strong><\/figcaption><\/figure>\n\n\n\n<p><\/p>\n\n\n\n<p><\/p>\n\n\n\n<p><\/p>\n\n\n\n<p><\/p>\n\n\n\n<p><\/p>","protected":false},"excerpt":{"rendered":"<p>U prepunoj sali biblioteke \u201eRadosav Ljumovi\u0107\u201c ve\u010deras je po\u010deo scenski nastup pri\u010de \u201eDjevoj\u010dica sa \u0161ibicama\u201c H. Kristijana Andersena, u adaptaciji dramske sekcije O\u0160 \u201eMilorad Musa Burzan\u201c. Nastup je privukao veliku pa\u017enju publike i otvoren je sna\u017enim aplauzom.<\/p>","protected":false},"author":4,"featured_media":902439,"comment_status":"open","ping_status":"open","sticky":false,"template":"","format":"standard","meta":{"_acf_changed":false,"footnotes":"","jetpack_publicize_message":"","jetpack_publicize_feature_enabled":true,"jetpack_social_post_already_shared":false,"jetpack_social_options":{"image_generator_settings":{"template":"highway","default_image_id":0,"font":"","enabled":false},"version":2}},"categories":[11],"tags":[18017,11519],"naslovna":[],"class_list":["post-902438","post","type-post","status-publish","format-standard","has-post-thumbnail","hentry","category-kultura","tag-djevojcica-sa-sibicama","tag-biblioteka-radosav-ljumovic"],"acf":[],"jetpack_publicize_connections":[],"_links":{"self":[{"href":"https:\/\/gradski.me\/en\/wp-json\/wp\/v2\/posts\/902438","targetHints":{"allow":["GET"]}}],"collection":[{"href":"https:\/\/gradski.me\/en\/wp-json\/wp\/v2\/posts"}],"about":[{"href":"https:\/\/gradski.me\/en\/wp-json\/wp\/v2\/types\/post"}],"author":[{"embeddable":true,"href":"https:\/\/gradski.me\/en\/wp-json\/wp\/v2\/users\/4"}],"replies":[{"embeddable":true,"href":"https:\/\/gradski.me\/en\/wp-json\/wp\/v2\/comments?post=902438"}],"version-history":[{"count":0,"href":"https:\/\/gradski.me\/en\/wp-json\/wp\/v2\/posts\/902438\/revisions"}],"wp:featuredmedia":[{"embeddable":true,"href":"https:\/\/gradski.me\/en\/wp-json\/wp\/v2\/media\/902439"}],"wp:attachment":[{"href":"https:\/\/gradski.me\/en\/wp-json\/wp\/v2\/media?parent=902438"}],"wp:term":[{"taxonomy":"category","embeddable":true,"href":"https:\/\/gradski.me\/en\/wp-json\/wp\/v2\/categories?post=902438"},{"taxonomy":"post_tag","embeddable":true,"href":"https:\/\/gradski.me\/en\/wp-json\/wp\/v2\/tags?post=902438"},{"taxonomy":"naslovna","embeddable":true,"href":"https:\/\/gradski.me\/en\/wp-json\/wp\/v2\/naslovna?post=902438"}],"curies":[{"name":"wp","href":"https:\/\/api.w.org\/{rel}","templated":true}]}}