{"id":902417,"date":"2026-01-31T16:07:00","date_gmt":"2026-01-31T15:07:00","guid":{"rendered":"https:\/\/new.gradski.me\/uncategorized\/poslodavci-ce-procjenjivati-treba-li-raditi-nedjeljom\/"},"modified":"2026-01-31T16:07:00","modified_gmt":"2026-01-31T15:07:00","slug":"poslodavci-ce-procjenjivati-treba-li-raditi-nedjeljom","status":"publish","type":"post","link":"https:\/\/gradski.me\/en\/drustvo\/poslodavci-ce-procjenjivati-treba-li-raditi-nedjeljom\/","title":{"rendered":"Poslodavci \u0107e procjenjivati treba li raditi nedjeljom"},"content":{"rendered":"<p><\/p>\n\n\n\n<p>Ustavni sud je u srijedu usvojio inicijativu koju je UPCG podnijela 2019. godine i ocijenio da je \u010dlan 35a Zakona o unutra\u0161njoj trgovini, koji se odnosi na zabranu rada nedjeljom trgovina na veliko i na malo, neustavan, nalaze\u0107i da se njime naru\u0161ava sloboda preduzetni\u0161tva i ustavni princip jednakosti svih pred zakonom.<\/p>\n\n\n\n<p>Iz UPCG su &#8222;Danu&#8220; kazali da su o\u010dekivali ovakvu odluku Ustavnog suda, odnosno da su se nadali ovakvom ishodu.<\/p>\n\n\n\n<p>\u2013 Va\u017eno je da \u0107e sada apsolutno svi privrednici koji su na tr\u017ei\u0161tu rada imati jednaku slobodu privre\u0111ivanja i time \u0107e se posti\u0107i balans i ravnote\u017ea koja do sada, na\u017ealost, nije postojala. Znatno su stradali mali biznisi, male trgovine. Nadamo se da \u0107e se situacija sada mijenjati \u2013 naveli su iz Unije.<br>Kako obja\u0161njavaju, ova odluka nije obavezuju\u0107a, odnosno ne uti\u010de na poslodavca da odmah sada mora po\u010deti sa radom nedjeljom.<\/p>\n\n\n\n<p>\u2013 To je sada na poslodavcima, da se dogovore sa svojim zaposlenima, prvenstveno o svojoj potrebi da rade nedjeljom ili ne, kao i o mogu\u0107nostima, opcijama i tako dalje \u2013 nagla\u0161avaju iz UPCG.<\/p>\n\n\n\n<p>Napominju da zahvaljuju\u0107i Zakonu o radu svaki prijavljeni zaposleni ima pravo na sedmi\u010dni odmor, \u0161to zna\u010di da jednom nedjeljno ima slobodan dan.<\/p>\n\n\n\n<p>\u2013 Da li \u0107e to biti nedjelja ili neki drugi dan, ostavljamo njima na odlu\u010divanje. Zahvaljuju\u0107i Op\u0161tem kolektivnom ugovoru (OKU) koji je stupio na snagu 2023. godine, zaposleni koji radi nedjeljom ima uve\u0107anje zarade u iznosu od 80 odsto. To i dalje va\u017ei \u2013 podsje\u0107aju iz UPCG.<\/p>\n\n\n\n<p><strong>Vanredna sjednica Socijalnog savjeta naredne nedjelje<\/strong><\/p>\n\n\n\n<p>Predsjedni\u0161tvo Socijalnog savjeta ju\u010de je imalo sastanak u vezi sa situacijom oko neradne nedjelje. Iz UPCG su &#8222;Danu&#8220; kazali da je za po\u010detak naredne nedjelje predvi\u0111ena nova sjednica Predsjedni\u0161tva Socijalnog savjeta, a za kraj nedelje i vanredna sjednica Socijalnog savjeta.<\/p>\n\n\n\n<p>\u2013 O\u010dekujemo da do\u0111e do usagla\u0161avanja stavova socijalnih partnera po pitanju ukidanja odluke o neradnoj nedelji \u2013 rekli su nam iz organizacije koja okuplja privrednike.<\/p>\n\n\n\n<p>O\u010dekuju da se pove\u0107a inspekcijski nadzor, da tr\u017ei\u0161te po\u010dne normalno da funkcioni\u0161e i da vi\u0161e ne postoji disbalans koji je postojao i koji je zna\u010dajno uticao na rad trgovina.<\/p>\n\n\n\n<p>\u2013 Nadamo se da \u0107e ovo opstati i da \u0107e sistem funkcionisati ba\u0161 onako kako je i trebalo \u010ditavo vrijeme da funkcioni\u0161e \u2013 poru\u010duju poslodavci.<\/p>","protected":false},"excerpt":{"rendered":"<p>Odlukom Ustavnog suda o ukidanju neradne nedjelje omogu\u0107i\u0107e se da svi privrednici koji su na tr\u017ei\u0161tu rada imaju jednaku slobodu privre\u0111ivanja i posti\u0107i \u0107e se balans koji dosad nije postojao, zbog \u010dega su znatno stradale male trgovine, kazali su &#8222;Danu&#8220; iz Unije poslodavaca Crne Gore (UPCG).<\/p>","protected":false},"author":4,"featured_media":902418,"comment_status":"open","ping_status":"open","sticky":false,"template":"","format":"standard","meta":{"_acf_changed":false,"footnotes":"","jetpack_publicize_message":"","jetpack_publicize_feature_enabled":true,"jetpack_social_post_already_shared":false,"jetpack_social_options":{"image_generator_settings":{"template":"highway","default_image_id":0,"font":"","enabled":false},"version":2}},"categories":[9],"tags":[7266,18003],"naslovna":[],"class_list":["post-902417","post","type-post","status-publish","format-standard","has-post-thumbnail","hentry","category-drustvo","tag-poslodavci","tag-rad-nedjeljom"],"acf":[],"jetpack_publicize_connections":[],"_links":{"self":[{"href":"https:\/\/gradski.me\/en\/wp-json\/wp\/v2\/posts\/902417","targetHints":{"allow":["GET"]}}],"collection":[{"href":"https:\/\/gradski.me\/en\/wp-json\/wp\/v2\/posts"}],"about":[{"href":"https:\/\/gradski.me\/en\/wp-json\/wp\/v2\/types\/post"}],"author":[{"embeddable":true,"href":"https:\/\/gradski.me\/en\/wp-json\/wp\/v2\/users\/4"}],"replies":[{"embeddable":true,"href":"https:\/\/gradski.me\/en\/wp-json\/wp\/v2\/comments?post=902417"}],"version-history":[{"count":0,"href":"https:\/\/gradski.me\/en\/wp-json\/wp\/v2\/posts\/902417\/revisions"}],"wp:featuredmedia":[{"embeddable":true,"href":"https:\/\/gradski.me\/en\/wp-json\/wp\/v2\/media\/902418"}],"wp:attachment":[{"href":"https:\/\/gradski.me\/en\/wp-json\/wp\/v2\/media?parent=902417"}],"wp:term":[{"taxonomy":"category","embeddable":true,"href":"https:\/\/gradski.me\/en\/wp-json\/wp\/v2\/categories?post=902417"},{"taxonomy":"post_tag","embeddable":true,"href":"https:\/\/gradski.me\/en\/wp-json\/wp\/v2\/tags?post=902417"},{"taxonomy":"naslovna","embeddable":true,"href":"https:\/\/gradski.me\/en\/wp-json\/wp\/v2\/naslovna?post=902417"}],"curies":[{"name":"wp","href":"https:\/\/api.w.org\/{rel}","templated":true}]}}