{"id":902305,"date":"2026-01-30T20:03:00","date_gmt":"2026-01-30T19:03:00","guid":{"rendered":"https:\/\/new.gradski.me\/uncategorized\/filmu-planina-nagrada-zirija-na-prestiznom-sundance-festivalu\/"},"modified":"2026-01-30T20:03:00","modified_gmt":"2026-01-30T19:03:00","slug":"filmu-planina-nagrada-zirija-na-prestiznom-sundance-festivalu","status":"publish","type":"post","link":"https:\/\/gradski.me\/en\/kultura\/filmu-planina-nagrada-zirija-na-prestiznom-sundance-festivalu\/","title":{"rendered":"Filmu &#8222;Planina&#8220; nagrada \u017eirija na presti\u017enom Sundance festivalu"},"content":{"rendered":"<p><br><br><\/p>\n\n\n\n<p>Film &#8222;Planina&#8220; je prvi crnogorski film selektovan na Filmskom festivalu Sandens. <\/p>\n\n\n\n<p>Film je inicijalno podr\u017ean od strane Filmskog centra Crne Gore na konkursu za sufinansiranje proizvodnje kinematografskih djela 2018. godine.<\/p>\n\n\n\n<p>U vrletima Crne Gore, majka i \u0107erka ponosno brane nomadsku sto\u010darsku tradiciju i svoju planinu da ne postane vojni poligon NATO-a, suo\u010davaju\u0107i se sa nasiljem nad \u017eenama i prirodom.<\/p>\n\n\n\n<p>\u201eU filmu \u201ePlanina\u201c, kore\u017eiseri Biljana Tutorov i Petar Glomazi\u0107 oblikuju nje\u017ean, vizuelno zadivljuju\u0107i portret udaljene planinske zajednice \u017eena koje pokre\u0107e naporan rad i sna\u017ena \u017eelja za otporom. Uprkos svakodnevnim te\u0161ko\u0107ama i trajnim posljedicama generacijske traume, one ostaju pune ljubavi i dostojanstva, njeguju\u0107i ne samo jedna drugu, ve\u0107 i \u017eivotinje od kojih zavisi njihov opstanak. Film sna\u017eno do\u010darava zna\u010daj ljubavi i istrajnosti u vremenu kada pro\u0161lost progoni, a budu\u0107nost djeluje neizvjesno\u201c, zabilje\u017eio je selektor festivala.<\/p>\n\n\n\n<p>Ekipu filma \u010dine koscenaristi i koreditelji Biljana Tutorov i Petar Glomazi\u0107, direktorka fotografije Eva Kraljevi\u0107, monta\u017eer \u017dor\u017e Kreg (George Cragg), autor originalne muzike Dra\u0161ko Ad\u017ei\u0107, dizajner zvuka Julij Zornik, dok je za kolor korekciju bio zadu\u017een Emil Svetlik. Producentkinja filma je Biljana Tutorov, izvr\u0161ne producentkinje Megan Gel\u0161tajn (Megan Gelstein) i Bianka Oana, kao i producenti Petar Glomazi\u0107, Kentin Loran (Quentin Laurent) i Rok Bi\u010dek, koproducentkinja Dijana Cetina Mla\u0111enovi\u0107 i pridru\u017eeni producent Veli\u0161a Popovi\u0107. Glavne protagonistinje u filmu su Mileva Gara Jovanovi\u0107 i Nada Stani\u0161i\u0107.<\/p>\n\n\n\n<p>Film \u201ePlanina\u201c je me\u0111unarodna koprodukcija Crne Gore, Srbije, Slovenije i Francuske. <\/p>\n\n\n\n<p>Nakon podr\u0161ke Filmskog centra Crne Gore, film je dobio podr\u0161ku i od Filmskog centra Srbije, CNC France &#8211; Cin\u00e9ma du Monde, Slovena\u010dkog filmskog centra, Hrvatskog audiovizuelnog centra, PACA Fonda regiona Ju\u017ena Francuska, RTV Slovenije, Tax Shelter Belgium programa, InMaat Fondacije, Doc Society Climate Story fonda, Uniqua See Future Fondacije, Catapult Film Fund, Chicken &amp; Egg Films, Diane Weyermann fellowship, IDA Enterprise Grant, kao i Eurima\u017ea. Film je sniman od 2018. godine, a prethodno je u\u010destvovao na vi\u0161e presti\u017enih radionica i filmskih marketa.<\/p>\n\n\n\n<p>Filmski festival Sandens, osnovan 1978. godine, predstavlja najzna\u010dajniji festival ameri\u010dkog nezavisnog filma, u \u010dijem fokusu se nalaze autorski filmovi koji su nastali van sistema velikih studija. <\/p>\n\n\n\n<p><br><\/p>","protected":false},"excerpt":{"rendered":"<p>Crnogorski dugometra\u017eni dokumentarni film \u201ePlanina\u201c, reditelja Biljane Tutorov i Petra Glomazi\u0107a, osvojio je nagradu \u017eirija u selekciji svjetskih dokumentaraca na Sundance festvalu u Solt Lejk Sitiju.<\/p>","protected":false},"author":5,"featured_media":902306,"comment_status":"open","ping_status":"open","sticky":false,"template":"","format":"standard","meta":{"_acf_changed":false,"footnotes":"","jetpack_publicize_message":"","jetpack_publicize_feature_enabled":true,"jetpack_social_post_already_shared":false,"jetpack_social_options":{"image_generator_settings":{"template":"highway","default_image_id":0,"font":"","enabled":false},"version":2}},"categories":[11],"tags":[1153,3250,17971,17972],"naslovna":[],"class_list":["post-902305","post","type-post","status-publish","format-standard","has-post-thumbnail","hentry","category-kultura","tag-film","tag-nagrada","tag-planina","tag-sandens-festival"],"acf":[],"jetpack_publicize_connections":[],"_links":{"self":[{"href":"https:\/\/gradski.me\/en\/wp-json\/wp\/v2\/posts\/902305","targetHints":{"allow":["GET"]}}],"collection":[{"href":"https:\/\/gradski.me\/en\/wp-json\/wp\/v2\/posts"}],"about":[{"href":"https:\/\/gradski.me\/en\/wp-json\/wp\/v2\/types\/post"}],"author":[{"embeddable":true,"href":"https:\/\/gradski.me\/en\/wp-json\/wp\/v2\/users\/5"}],"replies":[{"embeddable":true,"href":"https:\/\/gradski.me\/en\/wp-json\/wp\/v2\/comments?post=902305"}],"version-history":[{"count":0,"href":"https:\/\/gradski.me\/en\/wp-json\/wp\/v2\/posts\/902305\/revisions"}],"wp:featuredmedia":[{"embeddable":true,"href":"https:\/\/gradski.me\/en\/wp-json\/wp\/v2\/media\/902306"}],"wp:attachment":[{"href":"https:\/\/gradski.me\/en\/wp-json\/wp\/v2\/media?parent=902305"}],"wp:term":[{"taxonomy":"category","embeddable":true,"href":"https:\/\/gradski.me\/en\/wp-json\/wp\/v2\/categories?post=902305"},{"taxonomy":"post_tag","embeddable":true,"href":"https:\/\/gradski.me\/en\/wp-json\/wp\/v2\/tags?post=902305"},{"taxonomy":"naslovna","embeddable":true,"href":"https:\/\/gradski.me\/en\/wp-json\/wp\/v2\/naslovna?post=902305"}],"curies":[{"name":"wp","href":"https:\/\/api.w.org\/{rel}","templated":true}]}}