{"id":902268,"date":"2026-01-30T17:42:00","date_gmt":"2026-01-30T16:42:00","guid":{"rendered":"https:\/\/new.gradski.me\/uncategorized\/cgo-rodna-neravnoteza-u-canu-trazi-institucionalni-odgovor\/"},"modified":"2026-01-30T17:42:00","modified_gmt":"2026-01-30T16:42:00","slug":"cgo-rodna-neravnoteza-u-canu-trazi-institucionalni-odgovor","status":"publish","type":"post","link":"https:\/\/gradski.me\/en\/drustvo\/cgo-rodna-neravnoteza-u-canu-trazi-institucionalni-odgovor\/","title":{"rendered":"CCE: Gender imbalance at CANU requires an institutional response"},"content":{"rendered":"<p><\/p>\n\n\n\n<p>CGO je i ranije, kako isti\u010du, javno upozoravao\u00a0da\u00a0proces izbora redovnih, vanrednih i inostranih \u010dlanova i \u010dlanica CANU prati netransparentnost i elementi diskriminacije.<\/p>\n\n\n\n<p>\u201cU posljednjem izbornom ciklusu o referencama kandidata i kandidatkinja nije se ni diskutovalo na sjednicama odjeljenja. Posebno brine i to da, u pojedinim odjeljenjima, \u017eene sa nesporno vrijednim referencama nijesu dobile podr\u0161ku, iako je bilo mogu\u0107e predlo\u017eiti vi\u0161e kandidata, dok su njihove kolege sa skromnijim me\u0111unarodnim referencama ostajali jedini kandidati\u201d, navodi koordinatorka programa\u00a0Aktivno gra\u0111anstvo, Sara \u010cabarkapa.<\/p>\n\n\n\n<p>CGO podsje\u0107a da je&nbsp;rodna ravnopravnost ustavna vrijednost i preduslov demokratskog razvoja.<\/p>\n\n\n\n<p>\u201cUstav Crne Gore obavezuje dr\u017eavu da jem\u010di ravnopravnost \u017eena i mu\u0161karaca, razvija politiku jednakih mogu\u0107nosti i zabranjuje diskriminaciju. CANU, kao institucija od posebnog javnog zna\u010daja, mora ove ustavne vrijednosti dosljedno odra\u017eavati kroz svoje interne akte i praksu, te biti primjer po\u0161tovanja demokratskih standarda\u201d, kazala je \u010cabarkapa.<\/p>\n\n\n\n<p>CGO predla\u017ee da Za\u0161titnik, u okviru preventivnih nadle\u017enosti,&nbsp;uputi CANU preporuke za unapre\u0111enje internih akata i prakse, kako bi se uspostavile&nbsp;jasne, obavezuju\u0107e i primjenjive smjernice za promociju rodne ravnopravnosti, jednakih mogu\u0107nosti i prevenciju diskriminacije u svim procedurama unutar CANU.<\/p>\n\n\n\n<p>\u201cDostupni podaci ukazuju na izrazitu rodnu neravnote\u017eu u sastavu CANU, koja ima ukupno 65 redovnih, vanrednih i inostranih \u010dlanova i \u010dlanica od \u010dega je svega pet \u017eena. Me\u0111u 34 redovna \u010dlana su 32 mu\u0161karca i dvije \u017eene, a od \u010detiri vanredna \u010dlana tri su mu\u0161karca i jedna \u017eena. Sli\u010dno je i kod inostranih \u010dlanova \u2013 25 mu\u0161karaca i dvije \u017eene. Negativan trend je nagla\u0161en i kroz posljednji izborni ciklus na 153. izbornoj sjednici Skup\u0161tine CANU, odr\u017eanoj 23. decembra 2025. godine, kada je izabrano pet redovnih \u010dlanova (svi mu\u0161karci), jedan vanredni \u010dlan (mu\u0161karac) i tri inostrana \u010dlana, me\u0111u kojima je bila jedna \u017eena\u201d, dodaje \u010cabarkapa.<\/p>\n\n\n\n<p>CGO ukazuje i da, prema javno dostupnim informacijama, me\u0111u \u010dlanovima CANU nijesu bile brojne istaknute umjetnice i nau\u010dnice koje su obilje\u017eile crnogorsku nau\u010dnu i umjetni\u010dku scenu, \u0161to poja\u010dava&nbsp;percepciju strukturne zatvorenosti i obeshrabruju\u0107e poruke&nbsp;prema njima.<\/p>\n\n\n\n<p>\u201cIlustrativan je i primjer Svetlane Kane Radevi\u0107, jedne od najzna\u010dajnijih crnogorskih i regionalnih arhitektica koja nikada nije postala \u010dlanica CANU\u201d, rekla je \u010cabarkapa.<\/p>\n\n\n\n<p>Ne dovode\u0107i u pitanje autonomiju CANU,&nbsp;CGO nagla\u0161ava da je nu\u017eno da Akademija u narednim izbornim ciklusima preduzme konkretne mjere za ostvarivanje rodne ravnopravnosti i sna\u017enije afirmi\u0161e&nbsp;doprinos \u017eena u nauci i umjetnosti, kako bi se otklonile sumnje u nepristrasnost postupaka i oja\u010dalo povjerenje javnosti.<\/p>\n\n\n\n<p>CGO o\u010dekuje da se Za\u0161titnik ljudskih prava i sloboda aktivno i blagovremeno postavi prema ovoj inicijativi&nbsp;i da&nbsp;njegove preporuke budu dio mape puta ka su\u0161tinskim, a ne samo formalnim promjenama u pravcu rodne ravnopravnosti i prevencije svakog oblika diskriminacije u CANU.<\/p>","protected":false},"excerpt":{"rendered":"<p>Centar za gra\u0111ansko obrazovanje (CGO)\u00a0dostavio je Za\u0161titniku ljudskih prava i sloboda Crne Gore,\u00a0Sini\u0161i Bjekovi\u0107u, inicijativu za preventivno postupanje i upu\u0107ivanje preporuke Crnogorskoj akademiji nauka i umjetnosti (CANU) u dijelu unapre\u0111enja rodne ravnopravnosti i prevencije diskriminacije po osnovu pola\u00a0u postupcima predlaganja, izbora, imenovanja i funkcionisanja tijela CANU.<\/p>","protected":false},"author":4,"featured_media":902269,"comment_status":"open","ping_status":"open","sticky":false,"template":"","format":"standard","meta":{"_acf_changed":false,"footnotes":"","jetpack_publicize_message":"","jetpack_publicize_feature_enabled":true,"jetpack_social_post_already_shared":false,"jetpack_social_options":{"image_generator_settings":{"template":"highway","default_image_id":0,"font":"","enabled":false},"version":2}},"categories":[9],"tags":[6731,798,11882],"naslovna":[],"class_list":["post-902268","post","type-post","status-publish","format-standard","has-post-thumbnail","hentry","category-drustvo","tag-canu","tag-cgo","tag-sara-cabarkapa"],"acf":[],"jetpack_publicize_connections":[],"_links":{"self":[{"href":"https:\/\/gradski.me\/en\/wp-json\/wp\/v2\/posts\/902268","targetHints":{"allow":["GET"]}}],"collection":[{"href":"https:\/\/gradski.me\/en\/wp-json\/wp\/v2\/posts"}],"about":[{"href":"https:\/\/gradski.me\/en\/wp-json\/wp\/v2\/types\/post"}],"author":[{"embeddable":true,"href":"https:\/\/gradski.me\/en\/wp-json\/wp\/v2\/users\/4"}],"replies":[{"embeddable":true,"href":"https:\/\/gradski.me\/en\/wp-json\/wp\/v2\/comments?post=902268"}],"version-history":[{"count":0,"href":"https:\/\/gradski.me\/en\/wp-json\/wp\/v2\/posts\/902268\/revisions"}],"wp:featuredmedia":[{"embeddable":true,"href":"https:\/\/gradski.me\/en\/wp-json\/wp\/v2\/media\/902269"}],"wp:attachment":[{"href":"https:\/\/gradski.me\/en\/wp-json\/wp\/v2\/media?parent=902268"}],"wp:term":[{"taxonomy":"category","embeddable":true,"href":"https:\/\/gradski.me\/en\/wp-json\/wp\/v2\/categories?post=902268"},{"taxonomy":"post_tag","embeddable":true,"href":"https:\/\/gradski.me\/en\/wp-json\/wp\/v2\/tags?post=902268"},{"taxonomy":"naslovna","embeddable":true,"href":"https:\/\/gradski.me\/en\/wp-json\/wp\/v2\/naslovna?post=902268"}],"curies":[{"name":"wp","href":"https:\/\/api.w.org\/{rel}","templated":true}]}}