{"id":902213,"date":"2026-01-30T12:57:00","date_gmt":"2026-01-30T11:57:00","guid":{"rendered":"https:\/\/new.gradski.me\/uncategorized\/milatovic-pomilovao-sest-osudjenika-48-odbijeno\/"},"modified":"2026-01-30T12:57:00","modified_gmt":"2026-01-30T11:57:00","slug":"milatovic-pomilovao-sest-osudjenika-48-odbijeno","status":"publish","type":"post","link":"https:\/\/gradski.me\/en\/drustvo\/milatovic-pomilovao-sest-osudjenika-48-odbijeno\/","title":{"rendered":"Milatovi\u0107 pomilovao \u0161est osu\u0111enika, 48 odbijeno"},"content":{"rendered":"<p>Kako je objavljeno na sajtu Predsjednika, Milatovi\u0107 je odbio 48 molbi za pomilovanje od 1. januara do 31. decembra 2025. godine.<\/p>\n\n\n\n<p>Predsjednik je dao pomilovanje za osu\u0111enika kome je izre\u010dena kazna &nbsp;rada u javnom interesu iz 2018. godine, kaznu rada u javnom interesu iz 2020. godine i nov\u010danu kaznu iz 2020. godine.<\/p>\n\n\n\n<p>&#8222;Daje se rehabilitacija za izre\u010denu nov\u010danu kaznu iz 2002. godine (\u010dlan 131 KZ RCG) i izre\u010denu uslovnu osudu iz 2005. godine (\u010dlan 339 KZ CG) i rehabilitacija za izre\u010denu nov\u010danu kaznu iz 2002. godine (\u010dlan 219 KZ RS) i izre\u010denu uslovnu osudu iz 2006. godine (\u010dlan 339 KZ CG);&#8220;, navodi se u objavi.<\/p>\n\n\n\n<p>Milatovi\u0107 je pomilovao jo\u0161 dvije osobe koje su bile na uslovnoj kazni, a za kaznu zatvora u trajanju od 11 mjeseci tra\u017eio je zamjenu uslovnom osudom sa rokom provjeravanja od 5 godina.<\/p>\n\n\n\n<p>&#8222;Sve molbe za pomilovanje su pro\u0161le Zakonom predvi\u0111enu proceduru&#8220;, saop\u0161teno je na sajtu predsjednika. .<\/p>\n\n\n\n<p>Predsjednik nije uva\u017eio molbe osu\u0111enika za ubistva, za krivi\u010dna djela protiv sloboda i prava \u010dovjeka i gra\u0111anina, za djela protiv braka i porodice, protiv zdravlja ljudi, kao i onih koji su osu\u0111eni za &nbsp;krivi\u010dna djela koja se ti\u010du platnog prometa i privrednog poslovanja i kra\u0111e.<\/p>\n\n\n\n<p>Milatovi\u0107 nije uva\u017eio ni molbe za pomilovanja osu\u0111enih za krivi\u010dna djela protiv bezbjednosti javnog saobra\u0107aja kao i protiv ustavnog ure\u0111enja i bezbjednosti Crne Gore i krivi\u010dna djela protiv javnog reda i mira.<\/p>","protected":false},"excerpt":{"rendered":"<p>Predsjednik Crne Gore Jakov Milatovi\u0107 tokom 2025. godine pomilovao je \u0161est osu\u0111enih lica od ukupno 54 molbe za pomilovanje.<\/p>","protected":false},"author":16,"featured_media":900736,"comment_status":"open","ping_status":"open","sticky":false,"template":"","format":"standard","meta":{"_acf_changed":false,"footnotes":"","jetpack_publicize_message":"","jetpack_publicize_feature_enabled":true,"jetpack_social_post_already_shared":false,"jetpack_social_options":{"image_generator_settings":{"template":"highway","default_image_id":0,"font":"","enabled":false},"version":2}},"categories":[9],"tags":[78,8166],"naslovna":[],"class_list":["post-902213","post","type-post","status-publish","format-standard","has-post-thumbnail","hentry","category-drustvo","tag-jakov-milatovic","tag-pomilovanje"],"acf":[],"jetpack_publicize_connections":[],"_links":{"self":[{"href":"https:\/\/gradski.me\/en\/wp-json\/wp\/v2\/posts\/902213","targetHints":{"allow":["GET"]}}],"collection":[{"href":"https:\/\/gradski.me\/en\/wp-json\/wp\/v2\/posts"}],"about":[{"href":"https:\/\/gradski.me\/en\/wp-json\/wp\/v2\/types\/post"}],"author":[{"embeddable":true,"href":"https:\/\/gradski.me\/en\/wp-json\/wp\/v2\/users\/16"}],"replies":[{"embeddable":true,"href":"https:\/\/gradski.me\/en\/wp-json\/wp\/v2\/comments?post=902213"}],"version-history":[{"count":0,"href":"https:\/\/gradski.me\/en\/wp-json\/wp\/v2\/posts\/902213\/revisions"}],"wp:featuredmedia":[{"embeddable":true,"href":"https:\/\/gradski.me\/en\/wp-json\/wp\/v2\/media\/900736"}],"wp:attachment":[{"href":"https:\/\/gradski.me\/en\/wp-json\/wp\/v2\/media?parent=902213"}],"wp:term":[{"taxonomy":"category","embeddable":true,"href":"https:\/\/gradski.me\/en\/wp-json\/wp\/v2\/categories?post=902213"},{"taxonomy":"post_tag","embeddable":true,"href":"https:\/\/gradski.me\/en\/wp-json\/wp\/v2\/tags?post=902213"},{"taxonomy":"naslovna","embeddable":true,"href":"https:\/\/gradski.me\/en\/wp-json\/wp\/v2\/naslovna?post=902213"}],"curies":[{"name":"wp","href":"https:\/\/api.w.org\/{rel}","templated":true}]}}