{"id":902182,"date":"2026-01-30T11:10:57","date_gmt":"2026-01-30T10:10:57","guid":{"rendered":"https:\/\/new.gradski.me\/uncategorized\/podnijeta-krivicna-protiv-turskog-drzavljanina-zbog-pranja-novca\/"},"modified":"2026-01-30T11:10:57","modified_gmt":"2026-01-30T10:10:57","slug":"podnijeta-krivicna-protiv-turskog-drzavljanina-zbog-pranja-novca","status":"publish","type":"post","link":"https:\/\/gradski.me\/en\/hronika\/podnijeta-krivicna-protiv-turskog-drzavljanina-zbog-pranja-novca\/","title":{"rendered":"Podnijeta krivi\u010dna protiv turskog dr\u017eavljanina zbog pranja novca"},"content":{"rendered":"<p><\/p>\n\n\n\n<p><\/p>\n\n\n\n<p>Kako su naveli, sumnja se da su ovo pravno i odgovorno lice u pravnom licu izvr\u0161ili krivi\u010dno djelo utaja poreza i doprinosa u produ\u017eenom trajanju i krivi\u010dno djelo pranje novca.<\/p>\n\n\n\n<p>&#8222;Osumnji\u010deni B.C. je, kako se sumnja, kao osniva\u010d i izvr\u0161ni direktor u pomenutom pravnom licu, postupaju\u0107i u ime i za ra\u010dun toga lica, kontinuirano tokom januara, februara, marta i aprila 2025. godine, u cilju izbjegavanja poreskih da\u017ebina, prebacivao novac sa ra\u010duna osumnji\u010denog pravnog lica na svoje li\u010dne ra\u010dune i podizao novac u gotovini sa ra\u010duna ovog pravnog lica, bez adekvatne poslovne dokumentacije, \u010dime je po osnovu utajenog poreza na dohodak fizi\u010dkih lica, pribavio protivpravnu imovinsku korist u ukupnom iznosu od 44.042 eura, a \u0161to ujedno predstavlja i materijalnu \u0161tetu pri\u010dinjenu bud\u017eetu dr\u017eave Crne Gore&#8220;, istakli su iz policije.<\/p>\n\n\n\n<p>Kako su pojasnili, u postupku do podno\u0161enja krivi\u010dne prijave je utvr\u0111eno da je B.C., krivi\u010dno djelo pranje novca po\u010dinio na na\u010din, \u0161to je svjesno i sa namjerom da prikrije porijeklo novca znaju\u0107i da je ste\u010den kriminalnom djelatno\u0161\u0107u, sa ra\u010duna osumnji\u010denog pravnog lica, transferisao nov\u010dana sredstva na svoj li\u010dni ra\u010dun kod jedne poslovne banke u Crnoj Gori, a potom istog dana, sprovode\u0107i drugu fazu u krivi\u010dnom djelu pranje novca tzv. \u201craslojavanje\u201d, u manjim iznosima preusmjeravao sa svog ra\u010duna putem e-bankinga na ra\u010dune tre\u0107ih lica, koji su strani dr\u017eavljani, poku\u0161avaju\u0107i da u legalne tokove intergri\u0161e sredstva ste\u010dena kriminalnom djelatno\u0161\u0107u, kako bi na taj na\u010din kroz privid zakonite potro\u0161nje, odnosno transakcija, prikrio porijeklo protivzakonito ste\u010denih nov\u010danih sredstava. Ukupna materijalna \u0161teta koja je pri\u010dinjena bud\u017eetu Crne Gore gore pomenutim krivi\u010dnim djelima iznosi preko 44.000 eura.<\/p>\n\n\n\n<p>&#8222;Slu\u017ebenici Sektora za borbu protiv kriminala u okviru nacionalnog projekta trajnog karaktera kodnog naziva \u201eEvazija\u201c, nastavljaju sa poja\u010danim, ciljanim i prioritetnim aktivnostima, usmjerenim na razotkrivanje i procesuiranje odgovornih lica iz privrednog sektora \u010dije kriminalne radnje direktno naru\u0161avaju ekonomski poredak dr\u017eave&#8220;, naveli su iz UP.<\/p>\n\n\n\n<p>Kako zaklju\u010duju, kroz sna\u017enu me\u0111uinstitucionalnu saradnju i koordinisane aktivnosti sa nadle\u017enim organima, preduzimaju se odlu\u010dne mjere na za\u0161titi ekonomskih interesa gra\u0111ana i o\u010duvanja bud\u017eeta Crne Gore. Akcija \u201eEvazija\u201c predstavlja odlu\u010dan sistemski odgovor dr\u017eave na poreske i finansijske malverzacije, sa jasnim ciljem ja\u010danja odgovornosti, zakonitosti i finansijske discipline u svim segmentima privrede.<\/p>","protected":false},"excerpt":{"rendered":"<p>Slu\u017ebenici Sektora za borbu protiv kriminala &#8211; Odsjeka za borbu protiv korupcije, ekonomskog kriminala i sprovo\u0111enje finansijskih istraga, zajedno sa slu\u017ebenicima Sektora za finansijsko obavje\u0161tajne poslove, a u koordinaciji sa Osnovnim dr\u017eavnim tu\u017eila\u0161tvom u Podgorici podnijeli su krivi\u010dnu prijavu protiv pravnog lica \u201eA.M.\u201c d.o.o. Podgorica i izvr\u0161nog direktora ovog pravnog lica B.C. (47), dr\u017eavljanina Republike Turske, saop\u0161teno je iz Uprave policije.<\/p>","protected":false},"author":16,"featured_media":899542,"comment_status":"open","ping_status":"open","sticky":false,"template":"","format":"standard","meta":{"_acf_changed":false,"footnotes":"","jetpack_publicize_message":"","jetpack_publicize_feature_enabled":true,"jetpack_social_post_already_shared":false,"jetpack_social_options":{"image_generator_settings":{"template":"highway","default_image_id":0,"font":"","enabled":false},"version":2}},"categories":[10],"tags":[5614,109],"naslovna":[],"class_list":["post-902182","post","type-post","status-publish","format-standard","has-post-thumbnail","hentry","category-hronika","tag-pranje-novca","tag-uprava-policije"],"acf":[],"jetpack_publicize_connections":[],"_links":{"self":[{"href":"https:\/\/gradski.me\/en\/wp-json\/wp\/v2\/posts\/902182","targetHints":{"allow":["GET"]}}],"collection":[{"href":"https:\/\/gradski.me\/en\/wp-json\/wp\/v2\/posts"}],"about":[{"href":"https:\/\/gradski.me\/en\/wp-json\/wp\/v2\/types\/post"}],"author":[{"embeddable":true,"href":"https:\/\/gradski.me\/en\/wp-json\/wp\/v2\/users\/16"}],"replies":[{"embeddable":true,"href":"https:\/\/gradski.me\/en\/wp-json\/wp\/v2\/comments?post=902182"}],"version-history":[{"count":0,"href":"https:\/\/gradski.me\/en\/wp-json\/wp\/v2\/posts\/902182\/revisions"}],"wp:featuredmedia":[{"embeddable":true,"href":"https:\/\/gradski.me\/en\/wp-json\/wp\/v2\/media\/899542"}],"wp:attachment":[{"href":"https:\/\/gradski.me\/en\/wp-json\/wp\/v2\/media?parent=902182"}],"wp:term":[{"taxonomy":"category","embeddable":true,"href":"https:\/\/gradski.me\/en\/wp-json\/wp\/v2\/categories?post=902182"},{"taxonomy":"post_tag","embeddable":true,"href":"https:\/\/gradski.me\/en\/wp-json\/wp\/v2\/tags?post=902182"},{"taxonomy":"naslovna","embeddable":true,"href":"https:\/\/gradski.me\/en\/wp-json\/wp\/v2\/naslovna?post=902182"}],"curies":[{"name":"wp","href":"https:\/\/api.w.org\/{rel}","templated":true}]}}