{"id":902144,"date":"2026-01-30T12:34:00","date_gmt":"2026-01-30T11:34:00","guid":{"rendered":"https:\/\/new.gradski.me\/uncategorized\/abazovicu-u-ljubljani-dodijeljena-titula-ambasador-znanja\/"},"modified":"2026-01-30T12:34:00","modified_gmt":"2026-01-30T11:34:00","slug":"abazovicu-u-ljubljani-dodijeljena-titula-ambasador-znanja","status":"publish","type":"post","link":"https:\/\/gradski.me\/en\/politika\/abazovicu-u-ljubljani-dodijeljena-titula-ambasador-znanja\/","title":{"rendered":"Abazovi\u0107u u Ljubljani dodijeljena titula \u201eAmbasador znanja\u201c"},"content":{"rendered":"<p><\/p>\n\n\n\n<p><\/p>\n\n\n\n<p>Kako dodaju, titulu je uru\u010dila\u00a0<strong>Marjetka Kastner<\/strong>\u00a0predsjednica organizacije Life Learning Academia.<\/p>\n\n\n\n<p>\u201cProjekat \u201cAmbasadori znanja\u201d, koji od 2014. razvija organizacija Life Learning Academia, povezuje pojedince i organizacije iz vi\u0161e od 30 zemalja svijeta, s ciljem promocije izvrsnosti, razmjene znanja i izgradnje mostova izme\u0111u biznisa, akademske zajednice i dru\u0161tva\u201d, isti\u010de se u saop\u0161tenju.<\/p>\n\n\n\n<p>Dodaju da su ambasadori znanja istaknuti pojedinci koji svojim profesionalnim dostignu\u0107ima, integritetom i li\u010dnim primjerom inspiri\u0161u sada\u0161nje i budu\u0107e generacije. Kako isti\u010du, biraju se na osnovu izuzetnih rezultata i spremnosti da aktivno doprinesu kulturi u\u010denja i razmjene znanja.<\/p>\n\n\n\n<p>\u201cKroz javne doga\u0111aje, mentorski rad, obrazovne saradnje i godi\u0161nja okupljanja, projekat stvara me\u0111unarodnu mre\u017eu u kojoj se znanje dijeli, a nova partnerstva razvijaju. Presti\u017ena titula \u201eAmbasador znanja\u201c predstavlja priznanje za dosada\u0161nja postignu\u0107a, ali i podsticaj za dalje oblikovanje informisanijeg i povezanijeg dru\u0161tva\u201d, zaklju\u010duje se u saop\u0161tenju.<\/p>","protected":false},"excerpt":{"rendered":"<p>Predsjedniku Gra\u0111anskog pokreta URA i doktoru politi\u010dkih nauka Dritanu Abazovi\u0107u sino\u0107 je, na sve\u010danosti uprili\u010denoj u Gradskoj vije\u0107nici u Ljubljani, dodijeljena po\u010dasna titula \u201eAmbasador znanja\u201c (Ambassador of Knowledge). Titulu je uru\u010dila dr Marjetka Kastner, predsjednica organizacije Life Learning Academia, saop\u0161teno je iz GP URA.<\/p>","protected":false},"author":16,"featured_media":902145,"comment_status":"open","ping_status":"open","sticky":false,"template":"","format":"standard","meta":{"_acf_changed":false,"footnotes":"","jetpack_publicize_message":"","jetpack_publicize_feature_enabled":true,"jetpack_social_post_already_shared":false,"jetpack_social_options":{"image_generator_settings":{"template":"highway","default_image_id":0,"font":"","enabled":false},"version":2}},"categories":[7],"tags":[17931,835,9586],"naslovna":[],"class_list":["post-902144","post","type-post","status-publish","format-standard","has-post-thumbnail","hentry","category-politika","tag-ambasador-znanja","tag-dritan-abazovic","tag-ljubljana"],"acf":[],"jetpack_publicize_connections":[],"_links":{"self":[{"href":"https:\/\/gradski.me\/en\/wp-json\/wp\/v2\/posts\/902144","targetHints":{"allow":["GET"]}}],"collection":[{"href":"https:\/\/gradski.me\/en\/wp-json\/wp\/v2\/posts"}],"about":[{"href":"https:\/\/gradski.me\/en\/wp-json\/wp\/v2\/types\/post"}],"author":[{"embeddable":true,"href":"https:\/\/gradski.me\/en\/wp-json\/wp\/v2\/users\/16"}],"replies":[{"embeddable":true,"href":"https:\/\/gradski.me\/en\/wp-json\/wp\/v2\/comments?post=902144"}],"version-history":[{"count":0,"href":"https:\/\/gradski.me\/en\/wp-json\/wp\/v2\/posts\/902144\/revisions"}],"wp:featuredmedia":[{"embeddable":true,"href":"https:\/\/gradski.me\/en\/wp-json\/wp\/v2\/media\/902145"}],"wp:attachment":[{"href":"https:\/\/gradski.me\/en\/wp-json\/wp\/v2\/media?parent=902144"}],"wp:term":[{"taxonomy":"category","embeddable":true,"href":"https:\/\/gradski.me\/en\/wp-json\/wp\/v2\/categories?post=902144"},{"taxonomy":"post_tag","embeddable":true,"href":"https:\/\/gradski.me\/en\/wp-json\/wp\/v2\/tags?post=902144"},{"taxonomy":"naslovna","embeddable":true,"href":"https:\/\/gradski.me\/en\/wp-json\/wp\/v2\/naslovna?post=902144"}],"curies":[{"name":"wp","href":"https:\/\/api.w.org\/{rel}","templated":true}]}}