{"id":902030,"date":"2026-01-29T14:59:00","date_gmt":"2026-01-29T13:59:00","guid":{"rendered":"https:\/\/new.gradski.me\/uncategorized\/andrej-vulevic-u-dobrom-smo-ritmu-ne-zelimo-da-se-opustamo\/"},"modified":"2026-01-29T14:59:00","modified_gmt":"2026-01-29T13:59:00","slug":"andrej-vulevic-u-dobrom-smo-ritmu-ne-zelimo-da-se-opustamo","status":"publish","type":"post","link":"https:\/\/gradski.me\/en\/sport\/andrej-vulevic-u-dobrom-smo-ritmu-ne-zelimo-da-se-opustamo\/","title":{"rendered":"Andrej Vulevi\u0107: U dobrom smo ritmu, ne \u017eelimo da se opu\u0161tamo"},"content":{"rendered":"<p>Sutjeska je u ponedjeljak protiv Studenta slavila 103:61 i upisala najubjedljiviju pobjedu u ABA2 ligi u klupskoj istoriji, da bi sino\u0107 odigrala jo\u0161 jednu dobru utakmicu i ubjedljivo savladala Borac. Nakon sedam kola ekipa ima u\u010dinak od \u0161est pobjeda i jednog poraza \u2013 u posljednjem kolu, \u010detvrtog marta (20.30) Sutjeska do\u010dekuje Slobodu iz Tuzle, a pobjeda u toj utakmici donosi prvo mjesto na kraju regularnog dijela i prednost doma\u0107eg terena do kraja plej-ofa.<\/p>\n\n\n\n<p>\u201eZadovoljni smo svi u klubu \u2013 u Banjaluku smo oti\u0161li da damo sve od sebe, a nadali smo se da mo\u017eemo do\u0107i do dvije pobjede, kako bismo obezbijedili vrh tabele. Uspjeli smo u tome zahvaljuju\u0107i na\u0161em pristupu, ali i timskoj igri, \u0161to se pokazalo protiv Studenta kada je pet igra\u010da imalo dvocifren poenterski u\u010dinak. Ostvarili smo dvije jako bitne pobjede \u2013 kako na rezultatskom, tako i na planu samopouzdanja. Potvrdili smo da smo u dobrom ritmu, da nam raste forma. Protiv Studenta smo ostvarili najubjedljiviju pobjedu u ABA2 ligi u istoriji kluba i to treba spomenuti\u201c, sumirao je prethodna dva me\u010da Andrej Vulevi\u0107.<\/p>\n\n\n\n<p>Prvo mjesto na kraju regularnog dijela bio bi veliki uspjeh i potvrda dobrog rada tokom sezone.<\/p>\n\n\n\n<p>\u201eMislim da bi to bio ogroman uspjeh za ekipu, kompletan klub i za pri\u010du koju smo po\u010deli u avgustu. Kompletan plej-of se igra na dvije pobjede i jako je bitna prednost doma\u0107eg terena. Na\u0161a publika \u0107e prepoznati taj momentum i podr\u017eati nas\u201c, istakao je Vulevi\u0107.<\/p>\n\n\n\n<p>Svojim pristupom, zalaganjem, trudom i igrama ekipa je zaslu\u017eila veliku podr\u0161ku. Navija\u010di su uvijek bili vjetar u le\u0111a, a dosada\u0161nji rezultati prilika su da momci na svakom me\u010du osjete da je grad uz njih, samim tim \u0161to ve\u0107inu ekipe \u010dine Nik\u0161i\u0107ani.<\/p>\n\n\n\n<p>\u201eVe\u0107inu ekipe \u010dine Nik\u0161i\u0107ani. Niko bolje atmosferu, klub i grad ne osje\u0107a bolje od nas samih. Mnogo nam je bitna podr\u0161ka grada i ljudi sa tribina. Da na svakoj utakmici bude \u0161to ve\u0107a posje\u0107enost. O\u010dekujem da protiv Slobode u posljednjem kolu, a onda u plej-ofu bude puna sala\u201c, poru\u010dio je Vulevi\u0107.<\/p>\n\n\n\n<p>Ritam je naporan, Sutjeska ve\u0107 u subotu (18), u 17. kolu Prve crnogorske ko\u0161arka\u0161ke lige do\u010dekuje Ulcinj, a onda u utorak gostuje De\u010di\u0107u u ponovljenom me\u010du 10. kola. Nakon toga slijede dueli sa Ibrom i Vukovima na doma\u0107em terenu, gostovanje Teodu i na kraju ciklusa Kup Crne Gore, poslije kojeg \u0107e uslijediti reprezentativna pauza.<\/p>\n\n\n\n<p>\u201eU \u0161est dana smo imali tri zahtjevna me\u010da. Nakon susreta sa Podgoricom je uslijedio naporan put do Banjaluke. Svakako da je bitan oporavak. Me\u0111utim, kada se pobijedi, onda je mnogo lak\u0161e da se oporavimo. O\u010dekujem da ekipa dobro odgovori. Imamo \u0161irok sastav, mo\u017eemo da se mijenjamo i poma\u017eemo jedni drugima. U nastavku sezone nas o\u010dekuje paklen ritam, svaka dva-tri dana imamo utakmicu. Poslije velikih pobjeda, ekipa se svjesno ili nesvjesno opusti. Ali, sazreli smo kao tim, imali smo ve\u0107 neke kikseve u crnogorskoj ligi i zato ne \u017eelimo da se opu\u0161tamo. Po\u0161tujemo Ulcinj, da\u0107emo maksimum i poku\u0161ati da odradimo tu utakmicu kako treba\u201c, poru\u010dio je Vulevi\u0107.<\/p>\n\n\n\n<p>Dobre rezultate prati sjajna atmosfera u klubu.<\/p>\n\n\n\n<p>\u201eU prvom timu sam osam godina, sa godinom pauze kada sam bio u Podgorici. Atmosfera u klubu ove sezone je jedna od najboljih, ako ne i najbolja. Stru\u010dni \u0161tab radi vrhunski posao, imamo odli\u010dnu saradnju, \u0161to se vidi i po rezultatima, igra\u010di su ispo\u0161tovani na svaki na\u010din. Ja sam li\u010dno prezadovoljan svojim statusom i ulogom\u201c, zaklju\u010dio je Andrej Vulevi\u0107.<\/p>\n\n\n\n<p><a rel=\"noreferrer noopener\" href=\"https:\/\/www.facebook.com\/sharer\/sharer.php?u=https:\/\/kksutjeska.com\/andrej-vulevic-u-dobrom-smo-ritmu-ne-zelimo-da-se-opustamo\/\" target=\"_blank\"><\/a>&nbsp;<a rel=\"noreferrer noopener\" href=\"https:\/\/twitter.com\/share?url=https:\/\/kksutjeska.com\/andrej-vulevic-u-dobrom-smo-ritmu-ne-zelimo-da-se-opustamo\/\" target=\"_blank\"><\/a>&nbsp;<a rel=\"noreferrer noopener\" href=\"https:\/\/pinterest.com\/pin\/create\/button\/?url=https:\/\/kksutjeska.com\/andrej-vulevic-u-dobrom-smo-ritmu-ne-zelimo-da-se-opustamo\/&amp;media=https:\/\/kksutjeska.com\/wp-content\/uploads\/2026\/01\/8T2A4724.jpg&amp;description=Andrej+Vulevi%C4%87%3A+U+dobrom+smo+ritmu%2C+ne+%C5%BEelimo+da+se+opu%C5%A1tamo\" target=\"_blank\"><\/a>&nbsp;<a rel=\"noreferrer noopener\" href=\"https:\/\/www.linkedin.com\/shareArticle?mini=true&amp;url=https:\/\/kksutjeska.com\/andrej-vulevic-u-dobrom-smo-ritmu-ne-zelimo-da-se-opustamo\/\" target=\"_blank\"><\/a>&nbsp;<\/p>","protected":false},"excerpt":{"rendered":"<p>Dva me\u010da \u2013 dvije ubjedljive pobjede i obezbije\u0111en plasman u plej-of ABA2 lige \u2013 ko\u0161arka\u0161ki klub Sutjeska Elektroprivreda je na gostovanju Studentu u Aleksandrovcu i Borcu u Banjaluci ispunio zacrtani cilj prije polaska i \u010dekirao vizu za doigravanje.<\/p>","protected":false},"author":7,"featured_media":902031,"comment_status":"open","ping_status":"open","sticky":false,"template":"","format":"standard","meta":{"_acf_changed":false,"footnotes":"","jetpack_publicize_message":"","jetpack_publicize_feature_enabled":true,"jetpack_social_post_already_shared":false,"jetpack_social_options":{"image_generator_settings":{"template":"highway","default_image_id":0,"font":"","enabled":false},"version":2}},"categories":[15],"tags":[3095,3098],"naslovna":[],"class_list":["post-902030","post","type-post","status-publish","format-standard","has-post-thumbnail","hentry","category-sport","tag-andrej-vulevic","tag-kk-sutjeska-elektroprivreda"],"acf":[],"jetpack_publicize_connections":[],"_links":{"self":[{"href":"https:\/\/gradski.me\/en\/wp-json\/wp\/v2\/posts\/902030","targetHints":{"allow":["GET"]}}],"collection":[{"href":"https:\/\/gradski.me\/en\/wp-json\/wp\/v2\/posts"}],"about":[{"href":"https:\/\/gradski.me\/en\/wp-json\/wp\/v2\/types\/post"}],"author":[{"embeddable":true,"href":"https:\/\/gradski.me\/en\/wp-json\/wp\/v2\/users\/7"}],"replies":[{"embeddable":true,"href":"https:\/\/gradski.me\/en\/wp-json\/wp\/v2\/comments?post=902030"}],"version-history":[{"count":0,"href":"https:\/\/gradski.me\/en\/wp-json\/wp\/v2\/posts\/902030\/revisions"}],"wp:featuredmedia":[{"embeddable":true,"href":"https:\/\/gradski.me\/en\/wp-json\/wp\/v2\/media\/902031"}],"wp:attachment":[{"href":"https:\/\/gradski.me\/en\/wp-json\/wp\/v2\/media?parent=902030"}],"wp:term":[{"taxonomy":"category","embeddable":true,"href":"https:\/\/gradski.me\/en\/wp-json\/wp\/v2\/categories?post=902030"},{"taxonomy":"post_tag","embeddable":true,"href":"https:\/\/gradski.me\/en\/wp-json\/wp\/v2\/tags?post=902030"},{"taxonomy":"naslovna","embeddable":true,"href":"https:\/\/gradski.me\/en\/wp-json\/wp\/v2\/naslovna?post=902030"}],"curies":[{"name":"wp","href":"https:\/\/api.w.org\/{rel}","templated":true}]}}