{"id":902004,"date":"2026-01-29T16:07:00","date_gmt":"2026-01-29T15:07:00","guid":{"rendered":"https:\/\/new.gradski.me\/uncategorized\/dobro-jutro-podgorice-nova-odluka-o-radnom-vremenu-sta-donosi-zabrana-drustvenih-mreza-djeci\/"},"modified":"2026-01-29T16:07:00","modified_gmt":"2026-01-29T15:07:00","slug":"dobro-jutro-podgorice-nova-odluka-o-radnom-vremenu-sta-donosi-zabrana-drustvenih-mreza-djeci","status":"publish","type":"post","link":"https:\/\/gradski.me\/en\/podgorica\/dobro-jutro-podgorice-nova-odluka-o-radnom-vremenu-sta-donosi-zabrana-drustvenih-mreza-djeci\/","title":{"rendered":"\u201eDobro jutro, Podgorice\u201c: Nova odluka o radnom vremenu, \u0161ta donosi zabrana dru\u0161tvenih mre\u017ea djeci"},"content":{"rendered":"<p> Jutro \u0107emo po\u010deti temom nove Odluke o radnom vremenu u Podgorici i njene primjene u praksi. O tome kako \u0107e se odluka sprovoditi, koje su obaveze ugostitelja i kakve su kazne predvi\u0111ene, govori Marina \u0110uki\u0107 Da\u0161i\u0107 iz Komunalne policije Glavnog grada. Posebna pa\u017enja bi\u0107e posve\u0107ena reakcijama gra\u0111ana i privrede.<\/p>\n\n\n\n<p>Razgovara\u0107emo o dostupnosti i kvalitetu zdravstvene za\u0161tite za LGBT osobe u Crnoj Gori. Sa kakvim se izazovima susre\u0107u pacijenti i zdravstveni radnici i \u0161ta je potrebno unaprijediti, govori Milica \u0160pajak iz LGBT Forum Progresa. Tema otvara i pitanje diskriminacije, povjerenja i sistemskih rje\u0161enja.<\/p>\n\n\n\n<p>Sve \u010de\u0161\u0107e inicijative za zabranu dru\u0161tvenih mre\u017ea djeci i ograni\u010denje algoritama pokre\u0107u va\u017ene dru\u0161tvene debate. O psiholo\u0161kim efektima, roditeljskim dilemama i za\u0161titi djece u digitalnom prostoru razgovaramo sa psiholo\u0161kinjom Radmilom Stupar \u0110uri\u0161i\u0107 i roditeljem Jelenom Lon\u010dar. Fokus je na balansu izme\u0111u tehnologije, slobode i bezbjednosti djece.<\/p>\n\n\n\n<p>Fondacija Mentorium pokrenula je inicijativu \u201ePrijatelji Fondacije\u201c sa ciljem ja\u010danja zajednice podr\u0161ke mladima. O ideji, planovima i na\u010dinima uklju\u010divanja govori Mirsad Drei\u0107 iz Fondacije Mentorium. Inicijativa otvara prostor za saradnju, mentorstvo i dugoro\u010dne dru\u0161tvene promjene.<\/p>\n\n\n\n<p>Program vode Aleksandra Popovi\u0107, dok pri\u010de sa terena donosi An\u0111ela Kosti\u0107. Pozivamo vas da zapo\u010dnete jutro informisani, inspirisani i uz dobru energiju, uz \u201eDobro jutro, Podgorice\u201c.<\/p>","protected":false},"excerpt":{"rendered":"<p>U novom izdanju Jutarnjeg programa \u201eDobro jutro, Podgorice\u201c, gledaoce o\u010dekuje raznovrstan i aktuelan sadr\u017eaj, od va\u017enih gradskih tema do inspirativnih pri\u010da.<\/p>","protected":false},"author":8,"featured_media":902005,"comment_status":"open","ping_status":"open","sticky":false,"template":"","format":"standard","meta":{"_acf_changed":false,"footnotes":"","jetpack_publicize_message":"","jetpack_publicize_feature_enabled":true,"jetpack_social_post_already_shared":false,"jetpack_social_options":{"image_generator_settings":{"template":"highway","default_image_id":0,"font":"","enabled":false},"version":2}},"categories":[6],"tags":[7344,28],"naslovna":[],"class_list":["post-902004","post","type-post","status-publish","format-standard","has-post-thumbnail","hentry","category-podgorica","tag-jutarnji","tag-podgorica"],"acf":[],"jetpack_publicize_connections":[],"_links":{"self":[{"href":"https:\/\/gradski.me\/en\/wp-json\/wp\/v2\/posts\/902004","targetHints":{"allow":["GET"]}}],"collection":[{"href":"https:\/\/gradski.me\/en\/wp-json\/wp\/v2\/posts"}],"about":[{"href":"https:\/\/gradski.me\/en\/wp-json\/wp\/v2\/types\/post"}],"author":[{"embeddable":true,"href":"https:\/\/gradski.me\/en\/wp-json\/wp\/v2\/users\/8"}],"replies":[{"embeddable":true,"href":"https:\/\/gradski.me\/en\/wp-json\/wp\/v2\/comments?post=902004"}],"version-history":[{"count":0,"href":"https:\/\/gradski.me\/en\/wp-json\/wp\/v2\/posts\/902004\/revisions"}],"wp:featuredmedia":[{"embeddable":true,"href":"https:\/\/gradski.me\/en\/wp-json\/wp\/v2\/media\/902005"}],"wp:attachment":[{"href":"https:\/\/gradski.me\/en\/wp-json\/wp\/v2\/media?parent=902004"}],"wp:term":[{"taxonomy":"category","embeddable":true,"href":"https:\/\/gradski.me\/en\/wp-json\/wp\/v2\/categories?post=902004"},{"taxonomy":"post_tag","embeddable":true,"href":"https:\/\/gradski.me\/en\/wp-json\/wp\/v2\/tags?post=902004"},{"taxonomy":"naslovna","embeddable":true,"href":"https:\/\/gradski.me\/en\/wp-json\/wp\/v2\/naslovna?post=902004"}],"curies":[{"name":"wp","href":"https:\/\/api.w.org\/{rel}","templated":true}]}}