{"id":901967,"date":"2026-01-29T13:52:00","date_gmt":"2026-01-29T12:52:00","guid":{"rendered":"https:\/\/new.gradski.me\/uncategorized\/slucaj-ribnikar-sudjenje-pocelo-iznova-javnost-ponovo-iskljucena\/"},"modified":"2026-01-29T13:52:00","modified_gmt":"2026-01-29T12:52:00","slug":"slucaj-ribnikar-sudjenje-pocelo-iznova-javnost-ponovo-iskljucena","status":"publish","type":"post","link":"https:\/\/gradski.me\/en\/region\/slucaj-ribnikar-sudjenje-pocelo-iznova-javnost-ponovo-iskljucena\/","title":{"rendered":"Slu\u010daj &#8222;Ribnikar&#8220;: Su\u0111enje po\u010delo iznova, javnost ponovo isklju\u010dena"},"content":{"rendered":"<p><\/p>\n\n\n\n<p>Apelacioni sud je ukinuo prvostepenu presudu koja je donesena na samom kraju 2024. godine i to samo u dijelu koji se odnosi na Vladimira i&nbsp;<strong>Miljanu Kecmanovi\u0107&nbsp;<\/strong>i nalo\u017eio da im se sudi ispo\u010detka, jer su, kako su saop\u0161tili, razlozi presude \u201enejasni i protivrje\u010dni&#8220;.<\/p>\n\n\n\n<p>Postupak vodi novi sudija\u00a0<strong>Dragan Martinovi\u0107<\/strong>, jer je sudija koji je donio prvu prvostepenu presudu po\u010deo da postupa u Specijalnom sudu, pi\u0161e\u00a0N1.<\/p>\n\n\n\n<p>Novi sudija je na prvom ro\u010di\u0161tu, na prijedlog Vi\u0161eg javnog tu\u017eila\u0161tva, donio odluku da tokom procesa isklju\u010di javnost radi za\u0161tite interesa maloljetnika i o\u0161te\u0107enih u postupku, ba\u0161 kao \u0161to je bilo i sve vrijeme tokom trajanja prvog su\u0111enja.<\/p>\n\n\n\n<p>Prijedlogu se protivila odbrana, ali i okrivljeni&nbsp;<strong>Vladimir i Miljana Kecmanovi\u0107.<\/strong><\/p>\n\n\n\n<p>Advokati&nbsp;<strong>Borivoje i Irina Borovi\u0107<\/strong>&nbsp;svoj stav argumentovali su time da je rije\u010d o stravi\u010dnom zlo\u010dinu i da je ovo su\u0111enje \u201esvojevrsna edukacija, jer je neophodno da javnost \u010duje kako su postupali direktor, pedagog, psiholog i drugi zaposleni u \u0161koli, kao i policija, kako se ovako ne\u0161to ne bi ponovilo&#8220;.<\/p>\n\n\n\n<p>&#8211; Obrazlo\u017eenje Tu\u017eila\u0161tva je neobrazlo\u017eeno i neutemeljeno, budu\u0107i da je istovjetno kao pred prvobitno su\u0111enje, a tokom tog procesa javnost je bila obilato informisana. \u010cak je u realnom vremenu bila informisana kroz medije, kada je u Specijalnom sudu svjedo\u010dio maloljetni&nbsp;<strong>K.K,&nbsp;<\/strong>a samo posebna lica imaju pravo da u sudnici imaju telefon &#8211;&nbsp;kazala je advokatica Irina<strong>&nbsp;Borovi\u0107.<\/strong><\/p>\n\n\n\n<p>Dodala je i da se Apelacioni sud u odluci nije osvrtao na \u010dinjenicu da je javnost tokom prvobitnog su\u0111enja bila isklju\u010dena, \u0161to je danas bio argument Tu\u017eila\u0161tva, jer se \u201eApelacija bavila su\u0161tinom, a ne procesnim stvarima&#8220;.<\/p>\n\n\n\n<p>Okrivljeni Kecmanovi\u0107i pridru\u017eili su se stavu svojih advokata da su\u0111enje bude otvoreno za javnost.<\/p>\n\n\n\n<p>&#8211; \u017delim da javnost bude apsolutno uklju\u010dena, kako bi ovo bilo fer i pravi\u010dno su\u0111enje, a ne da ljudi formiraju mi\u0161ljenje kroz tabloidno pisanje &#8211;&nbsp;kazao je za sudskom govornicom&nbsp;<strong>Vladimir Kecmanovi\u0107.<\/strong><\/p>\n\n\n\n<p>Novinari i zainteresovana javnost napustili su sudnicu, a sudija je dozvolio o\u0161te\u0107enima i njihovim punomo\u0107nicima da prate su\u0111enje, kao \u0161to je slu\u010daj bio i prvi put.<\/p>\n\n\n\n<p>Prvo su\u0111enje je trajalo 11 mjeseci, a osim roditelja i \u010dlanova porodice stradalih u masovnom ubistvu, zaposlenih u \u0161koli \u201eRibnikar&#8220;, kao i sudskih vje\u0161taka, bio je ispitan i dje\u010dak koji je po\u010dinio masakr 3. maja 2023. godine.<\/p>\n\n\n\n<p>On je iz bezbjednosnih razloga ispitan u sudnici Specijalnog suda u Beogradu.<\/p>\n\n\n\n<p>Otac bio osu\u0111en na 14 i po godina zatvora, a majka na tri<\/p>\n\n\n\n<p>Podsjetimo,&nbsp;<strong>Vladimir Kecmanovi\u0107<\/strong>, otac dje\u010daka, prvostepeno je osu\u0111en na jedinstvenu kaznu od 14 i po godina zatvora, a majka<strong>&nbsp;Miljana Kecmanovi\u0107<\/strong>&nbsp;na tri godine zatvora.<\/p>\n\n\n\n<p>Apelacija je potvrdila presudu u dijelu u kom je&nbsp;<strong>Miljana Kecmanovi\u0107<\/strong>&nbsp;oslobo\u0111ena optu\u017ebe za nedozvoljeno dr\u017eanje oru\u017eja, a preina\u010dila je presudu u odnosu na<strong>&nbsp;Nemanju Marinkovi\u0107a<\/strong>, instruktora u strelja\u010dkom klubu \u201ePartizan&#8220;, u koji je otac odvodio svog sina&nbsp;<strong>K.K.<\/strong>&nbsp;da vje\u017eba pucanje.<\/p>\n\n\n\n<p>Njemu je ubla\u017eena kazna i pravosna\u017eno je osu\u0111en na godinu dana ku\u0107nog zatvora zbog davanja la\u017enog iskaza tokom istrage.<\/p>\n\n\n\n<p>Predsjednik tog kluba<strong>&nbsp;Ratko Ivanovi\u0107&nbsp;<\/strong>zaklju\u010dio je sporazum sa Vi\u0161im javnim tu\u017eila\u0161tvom o priznanju krivice i osu\u0111en je na pet mjeseci ku\u0107nog zatvora.<\/p>\n\n\n\n<p>Majka&nbsp;<strong>Miljana Kecmanovi\u0107&nbsp;<\/strong>je bila osu\u0111ena zbog zapu\u0161tanja i zlostavljanja maloljetnog lica, otac za isto djelo ali i za te\u0161ko djelo protiv op\u0161te sigurnosti, a instruktor pucanja.<\/p>\n\n\n\n<p>Sudija je obrazlo\u017eio da je&nbsp;<strong>Vladimir Kecmanovi\u0107<\/strong>&nbsp;u \u010detiri navrata obu\u010davao svog sina da rukuje vazdu\u0161nim i vatrenim oru\u017ejem, kako sam tako uz pomo\u0107 stru\u010dnog lica, i to da ga je obu\u010davao kako da napuni oru\u017eje, kako da dr\u017ei oru\u017eje, kako da dr\u017ei prst na obara\u010du, ali i kako da di\u0161e.<\/p>\n\n\n\n<p>Oru\u017eje kojim je dje\u010dak po\u010dinio stravi\u010dni zlo\u010din&nbsp;<strong>Vladimir Kecmanovi\u0107<\/strong>&nbsp;je dr\u017eao u dva kofera za preno\u0161enje, a ne za dr\u017eanje oru\u017eja, koji su bili lako dostupni, isto kao i municija.<\/p>\n\n\n\n<p>Dje\u010daku se nije sudilo zbog toga \u0161to je on po zakonu krivi\u010dno neodgovoran, jer je imao manje od 14 godina u trenutku kada je po\u010dinio masovno ubistvo u \u0161koli \u201eRibnikar&#8220;.<\/p>","protected":false},"excerpt":{"rendered":"<p>Pred Vi\u0161im sudom u Beogradu po\u010delo je ponovno su\u0111enje u krivi\u010dnom procesu protiv roditelja dje\u010daka, koji je u maju 2023. godine po\u010dinio masovno ubistvo u Osnovnoj \u0161koli \u201eVladislav Ribnikar\u201c.<\/p>","protected":false},"author":16,"featured_media":901968,"comment_status":"open","ping_status":"open","sticky":false,"template":"","format":"standard","meta":{"_acf_changed":false,"footnotes":"","jetpack_publicize_message":"","jetpack_publicize_feature_enabled":true,"jetpack_social_post_already_shared":false,"jetpack_social_options":{"image_generator_settings":{"template":"highway","default_image_id":0,"font":"","enabled":false},"version":2}},"categories":[13],"tags":[17874,533],"naslovna":[],"class_list":["post-901967","post","type-post","status-publish","format-standard","has-post-thumbnail","hentry","category-region","tag-ribnikar","tag-srbija"],"acf":[],"jetpack_publicize_connections":[],"_links":{"self":[{"href":"https:\/\/gradski.me\/en\/wp-json\/wp\/v2\/posts\/901967","targetHints":{"allow":["GET"]}}],"collection":[{"href":"https:\/\/gradski.me\/en\/wp-json\/wp\/v2\/posts"}],"about":[{"href":"https:\/\/gradski.me\/en\/wp-json\/wp\/v2\/types\/post"}],"author":[{"embeddable":true,"href":"https:\/\/gradski.me\/en\/wp-json\/wp\/v2\/users\/16"}],"replies":[{"embeddable":true,"href":"https:\/\/gradski.me\/en\/wp-json\/wp\/v2\/comments?post=901967"}],"version-history":[{"count":0,"href":"https:\/\/gradski.me\/en\/wp-json\/wp\/v2\/posts\/901967\/revisions"}],"wp:featuredmedia":[{"embeddable":true,"href":"https:\/\/gradski.me\/en\/wp-json\/wp\/v2\/media\/901968"}],"wp:attachment":[{"href":"https:\/\/gradski.me\/en\/wp-json\/wp\/v2\/media?parent=901967"}],"wp:term":[{"taxonomy":"category","embeddable":true,"href":"https:\/\/gradski.me\/en\/wp-json\/wp\/v2\/categories?post=901967"},{"taxonomy":"post_tag","embeddable":true,"href":"https:\/\/gradski.me\/en\/wp-json\/wp\/v2\/tags?post=901967"},{"taxonomy":"naslovna","embeddable":true,"href":"https:\/\/gradski.me\/en\/wp-json\/wp\/v2\/naslovna?post=901967"}],"curies":[{"name":"wp","href":"https:\/\/api.w.org\/{rel}","templated":true}]}}