{"id":901965,"date":"2026-01-29T10:54:09","date_gmt":"2026-01-29T09:54:09","guid":{"rendered":"https:\/\/new.gradski.me\/uncategorized\/katic-obezbijedjen-alternativni-smjestaj-stanarima-plave-zgrade-koji-zele-da-se-isele-ne-ocekujemo-rusenje-tog-objekta\/"},"modified":"2026-01-29T10:54:09","modified_gmt":"2026-01-29T09:54:09","slug":"katic-obezbijedjen-alternativni-smjestaj-stanarima-plave-zgrade-koji-zele-da-se-isele-ne-ocekujemo-rusenje-tog-objekta","status":"publish","type":"post","link":"https:\/\/gradski.me\/en\/drustvo\/katic-obezbijedjen-alternativni-smjestaj-stanarima-plave-zgrade-koji-zele-da-se-isele-ne-ocekujemo-rusenje-tog-objekta\/","title":{"rendered":"Kati\u0107: Obezbije\u0111en alternativni smje\u0161taj stanarima \u201cplave zgrade\u201d koji \u017eele da se isele, ne o\u010dekujemo ru\u0161enje tog objekta"},"content":{"rendered":"<p><\/p>\n\n\n\n<p><\/p>\n\n\n\n<p>Situacija oko takozvane \u201cplave zgrade\u201d u Herceg Novom posljednjih dana unijela je nemir me\u0111u stanare, ali i otvorila ozbiljna pitanja o bezbjednosti objekata na geotehni\u010dki osjetljivim terenima crnogorskog primorja. Iako je gra\u0111evinski inspektor Ministarstva prostornog planiranja, urbanizma i dr\u017eavne imovine donio rje\u0161enje o iseljenju stanara i ru\u0161enju objekta, nalazi stru\u010dnjaka koje je anga\u017eovala Op\u0161tina Herceg Novi ukazuju na druga\u010diju sliku, da stabilnost zgrade trenutno nije ugro\u017eena, ali da su sanacioni radovi neophodni.<\/p>\n\n\n\n<p>Predsjednik Op\u0161tine Herceg Novi, Stevan Kati\u0107, kazao je da je Op\u0161tina stoji iza nalaza vje\u0161taka.<\/p>\n\n\n\n<p>\u201cMi \u0107emo stati iza tog nalaza i na kraju sa\u010dekati dok se to sve zavr\u0161i. Nama su poslali e-mail tokom ju\u010dera\u0161njeg dana upravo iz resornog ministarstva gdje su nam tra\u017eili da se taj izvje\u0161taj po\u0161alje i negdje \u0107e i oni, koliko sam shvatio, obustaviti sada dalje postupke. Nakon tog izvje\u0161taja, ukoliko se utvrdi i napismeno to sve, kao \u0161to je potvr\u0111eno usmeno, da je zgrada u ovom trenutku bezbjedna i da se odrade sve ove prethodne stvari koje su ve\u0107 odra\u0111ene, kao \u0161to sam vam rekao, prethodnog dana, ura\u0111eni su snimci, postavljeni su sada, dakle, ti reperi koji treba da u narednom periodu, u narednih zapravo nekoliko dana se prate, pa \u0107emo da vidimo u svakom slu\u010daju sve ono \u0161to se bude tra\u017eilo od nas sa strane ove stru\u010dne komisije, op\u0161tina Herceg Novi \u0107e iza\u0107i u susret i njima, a posebno kada pri\u010damo o zgradi, odnosno stanarima ove zgrade i skup\u0161tini stanara\u201d, istakao je Kati\u0107.<\/p>\n\n\n\n<p>On je naglasio da definitivno ne o\u010dekuje ru\u0161enje, jer bi to kako je kazao, u ovom trenutku bilo kompleksno jer se radi o zgradi poprili\u010dno velikih gabarita. Govore\u0107i o privremenom iseljenju, Kati\u0107 je istakao da Op\u0161tina ne mo\u017ee postupati prinudno.<\/p>\n\n\n\n<p>\u201cKada je u pitanju sam postupak iseljenja, to nije sporno. Ukoliko stanari te zgrade \u017eele da se isele, Op\u0161tina je u razgovoru sa Institutom \u2018Simo Milo\u0161evi\u0107\u2019 obezbijedila taj alternativni smje\u0161taj do kona\u010dnog rje\u0161enja\u201d istakao je Kati\u0107.<\/p>\n\n\n\n<p>Da je rije\u010d o slo\u017eenom geotehni\u010dkom problemu, potvrdio je i stru\u010dni saradnik i doktorand iz oblasti geotehnike na Gra\u0111evinskom fakultetu&nbsp;<strong>Miodrag Buji\u0161i\u0107<\/strong>, koji je pojasnio da se u ovom slu\u010daju mora sagledavati \u0161iri kontekst pona\u0161anja tla.<\/p>\n\n\n\n<p>\u201cOvo je kompleksna situacija koja zahtijeva oprez. Aktivacija tla se u ovom podru\u010dju de\u0161avala i ranije, naro\u010dito nakon zemljotresa 1979. godine. Sada je klju\u010dno utvrditi da li se radi o aktivnom klizi\u0161tu i da li se pomjeranja nastavljaju\u201d, istakao je.<\/p>\n\n\n\n<p>On je naglasio da je pozitivan korak brzo postavljanje instrumenata za pra\u0107enje deformacija.<\/p>\n\n\n\n<p>\u201cMjerenja \u0107e pokazati da li je proces zaustavljen ili je u toku. Ako se utvrdi klizna ravan, mogu\u0107e su mjere trajne sanacije, poput dubokog fundiranja i oslanjanja na stabilnu stijensku masu, ali to su tehni\u010dki zahtjevni i dugotrajni procesi\u201d, objasnio je on.<\/p>\n\n\n\n<p>Profesor je upozorio i na \u0161iri problem neadekvatnog planiranja i prekomjerne gradnje.<\/p>\n\n\n\n<p>\u201cPrekomjerna i nekontrolisana gradnja, naro\u010dito bez sagledavanja \u0161ire geolo\u0161ke zone, mo\u017ee aktivirati klizi\u0161ta i ugroziti postoje\u0107e objekte. Crna Gora je seizmi\u010dki aktivno podru\u010dje i svaka odluka o gradnji mora biti pra\u0107ena ozbiljnim geotehni\u010dkim istra\u017eivanjima\u201d, naglasio je.<\/p>\n\n\n\n<p>Kao znake upozorenja za gra\u0111ane, naveo je pojavu pukotina u tlu, asfaltu i objektima, isti\u010du\u0107i da je u takvim situacijama neophodno odmah obavijestiti nadle\u017ene institucije.<\/p>","protected":false},"excerpt":{"rendered":"<p>Predsjednik Op\u0161tine Herceg Novi,\u00a0Stevan Kati\u0107, saop\u0161tio je za TV Vijesti da je obezbije\u0111en alternativni smje\u0161taj stanarima \u201cplave zgrade\u201d koji \u017eele da se isele, i dodao da ne se o\u010dekuje ru\u0161enje tog objekta.<\/p>","protected":false},"author":8,"featured_media":901966,"comment_status":"open","ping_status":"open","sticky":false,"template":"","format":"standard","meta":{"_acf_changed":false,"footnotes":"","jetpack_publicize_message":"","jetpack_publicize_feature_enabled":true,"jetpack_social_post_already_shared":false,"jetpack_social_options":{"image_generator_settings":{"template":"highway","default_image_id":0,"font":"","enabled":false},"version":2}},"categories":[9],"tags":[17873,4370],"naslovna":[],"class_list":["post-901965","post","type-post","status-publish","format-standard","has-post-thumbnail","hentry","category-drustvo","tag-katic","tag-novi"],"acf":[],"jetpack_publicize_connections":[],"_links":{"self":[{"href":"https:\/\/gradski.me\/en\/wp-json\/wp\/v2\/posts\/901965","targetHints":{"allow":["GET"]}}],"collection":[{"href":"https:\/\/gradski.me\/en\/wp-json\/wp\/v2\/posts"}],"about":[{"href":"https:\/\/gradski.me\/en\/wp-json\/wp\/v2\/types\/post"}],"author":[{"embeddable":true,"href":"https:\/\/gradski.me\/en\/wp-json\/wp\/v2\/users\/8"}],"replies":[{"embeddable":true,"href":"https:\/\/gradski.me\/en\/wp-json\/wp\/v2\/comments?post=901965"}],"version-history":[{"count":0,"href":"https:\/\/gradski.me\/en\/wp-json\/wp\/v2\/posts\/901965\/revisions"}],"wp:featuredmedia":[{"embeddable":true,"href":"https:\/\/gradski.me\/en\/wp-json\/wp\/v2\/media\/901966"}],"wp:attachment":[{"href":"https:\/\/gradski.me\/en\/wp-json\/wp\/v2\/media?parent=901965"}],"wp:term":[{"taxonomy":"category","embeddable":true,"href":"https:\/\/gradski.me\/en\/wp-json\/wp\/v2\/categories?post=901965"},{"taxonomy":"post_tag","embeddable":true,"href":"https:\/\/gradski.me\/en\/wp-json\/wp\/v2\/tags?post=901965"},{"taxonomy":"naslovna","embeddable":true,"href":"https:\/\/gradski.me\/en\/wp-json\/wp\/v2\/naslovna?post=901965"}],"curies":[{"name":"wp","href":"https:\/\/api.w.org\/{rel}","templated":true}]}}