{"id":901776,"date":"2026-01-28T13:06:00","date_gmt":"2026-01-28T12:06:00","guid":{"rendered":"https:\/\/new.gradski.me\/uncategorized\/milatovic-sa-predstavnicima-privredne-komore-bez-snazne-ekonomije-nema-uspjesnog-evropskog-puta\/"},"modified":"2026-01-28T13:06:00","modified_gmt":"2026-01-28T12:06:00","slug":"milatovic-sa-predstavnicima-privredne-komore-bez-snazne-ekonomije-nema-uspjesnog-evropskog-puta","status":"publish","type":"post","link":"https:\/\/gradski.me\/en\/ekonomija\/milatovic-sa-predstavnicima-privredne-komore-bez-snazne-ekonomije-nema-uspjesnog-evropskog-puta\/","title":{"rendered":"Milatovi\u0107 sa predstavnicima Privredne komore: Bez sna\u017ene ekonomije nema uspje\u0161nog evropskog puta"},"content":{"rendered":"<p><\/p>\n\n\n\n<p><\/p>\n\n\n\n<p>Kako se navodi u saop\u0161tenju Kancelarije za odnose s javno\u0161\u0107u predsjednika Crne Gore, poseban akcenat stavljen je na ekonomske rezultate u 2025. godini i projekcije za 2026. godinu, uz ocjenu da je odr\u017eivi rast uslovljen sna\u017enijim investicijama u saobra\u0107ajnu, energetsku i digitalnu infrastrukturu, kao i unapre\u0111enjem poslovnog ambijenta.<\/p>\n\n\n\n<p>Sagovornici su saglasni da infrastrukturni projekti predstavljaju jedan od klju\u010dnih multiplikatora privrednog rasta, naro\u010dito u kontekstu pribli\u017eavanja Crne Gore punopravnom \u010dlanstvu u Evropskoj uniji.<\/p>\n\n\n\n<p>Razgovarano je i o strukturnom nedostatku radne snage, koji predstavlja jedno od najve\u0107ih ograni\u010denja daljeg privrednog rasta, posebno u sektoru turizma i prate\u0107ih djelatnosti. U tom kontekstu, istaknuta je va\u017enost usvajanja Zakona o stalnom sezoncu, kao instrumenta koji mo\u017ee doprinijeti ve\u0107oj predvidivosti zapo\u0161ljavanja, smanjenju sive ekonomije i pove\u0107anju produktivnosti rada.<\/p>\n\n\n\n<p>Predsjednik Milatovi\u0107 je ukazao na vi\u0161egodi\u0161nji trend stagnacije i pada prihoda od turizma, naglasiv\u0161i da se radi o strate\u0161kom sektoru koji zahtijeva sistemski pristup, ja\u010du koordinaciju javnog i privatnog sektora, kao i prelazak sa modela ekstenzivnog na odr\u017eiviji i vrijednosno zahtjevniji turisti\u010dki razvoj.<\/p>\n\n\n\n<p>Sagovornici su ukazali na potrebu sna\u017enijeg uklju\u010divanja doma\u0107ih preduze\u0107a u realizaciju velikih infrastrukturnih projekata, kroz modele udru\u017eivanja kompanija iz gra\u0111evinskog sektora, kako bi se pove\u0107ala njihova konkurentnost i sposobnost u\u010de\u0161\u0107a na velikim tenderima, uklju\u010duju\u0107i projekte poput izgradnje auto-puta. Ocijenjeno je da bi takav pristup doprinio zadr\u017eavanju ve\u0107e dodate vrijednosti u doma\u0107oj ekonomiji i ja\u010danju kapaciteta lokalne privrede.<\/p>\n\n\n\n<p>Na sastanku je istaknuto da \u0107e Predsjednik dr\u017eave i u narednom periodu nastaviti, te dodatno intenzivirati me\u0111unarodne aktivnosti sa sna\u017enim ekonomskim fokusom, usmjerene na promociju investicionih potencijala Crne Gore i povezivanje doma\u0107e privrede sa partnerima iz Evropske unije i drugih globalnih tr\u017ei\u0161ta, uz aktivno u\u010de\u0161\u0107e Privredne komore Crne Gore.<\/p>\n\n\n\n<p>&#8222;Predsjednik Milatovi\u0107 \u0107e nastaviti da sna\u017eno zagovara ekonomske politike usmjerene ka odr\u017eivom rastu, ja\u010danju konkurentnosti i ubrzanju procesa evropske integracije, u bliskoj saradnji sa privredom i relevantnim institucijama&#8220;, saop\u0161teno je iz kabineta Milatovi\u0107a.<\/p>","protected":false},"excerpt":{"rendered":"<p>Predsjednik Crne Gore Jakov Milatovi\u0107 odr\u017eao je danas radni sastanak sa predsjednicom Privredne komore Crne Gore Ninom Draki\u0107 i njenim saradnicima, tokom kojeg je razgovarano o klju\u010dnim ekonomskim kretanjima, strukturnim izazovima i razvojnim prioritetima crnogorske ekonomije.<\/p>","protected":false},"author":4,"featured_media":901777,"comment_status":"open","ping_status":"open","sticky":false,"template":"","format":"standard","meta":{"_acf_changed":false,"footnotes":"","jetpack_publicize_message":"","jetpack_publicize_feature_enabled":true,"jetpack_social_post_already_shared":false,"jetpack_social_options":{"image_generator_settings":{"template":"highway","default_image_id":0,"font":"","enabled":false},"version":2}},"categories":[8],"tags":[78,6027,5260],"naslovna":[],"class_list":["post-901776","post","type-post","status-publish","format-standard","has-post-thumbnail","hentry","category-ekonomija","tag-jakov-milatovic","tag-nina-drakic","tag-privredna-komora"],"acf":[],"jetpack_publicize_connections":[],"_links":{"self":[{"href":"https:\/\/gradski.me\/en\/wp-json\/wp\/v2\/posts\/901776","targetHints":{"allow":["GET"]}}],"collection":[{"href":"https:\/\/gradski.me\/en\/wp-json\/wp\/v2\/posts"}],"about":[{"href":"https:\/\/gradski.me\/en\/wp-json\/wp\/v2\/types\/post"}],"author":[{"embeddable":true,"href":"https:\/\/gradski.me\/en\/wp-json\/wp\/v2\/users\/4"}],"replies":[{"embeddable":true,"href":"https:\/\/gradski.me\/en\/wp-json\/wp\/v2\/comments?post=901776"}],"version-history":[{"count":0,"href":"https:\/\/gradski.me\/en\/wp-json\/wp\/v2\/posts\/901776\/revisions"}],"wp:featuredmedia":[{"embeddable":true,"href":"https:\/\/gradski.me\/en\/wp-json\/wp\/v2\/media\/901777"}],"wp:attachment":[{"href":"https:\/\/gradski.me\/en\/wp-json\/wp\/v2\/media?parent=901776"}],"wp:term":[{"taxonomy":"category","embeddable":true,"href":"https:\/\/gradski.me\/en\/wp-json\/wp\/v2\/categories?post=901776"},{"taxonomy":"post_tag","embeddable":true,"href":"https:\/\/gradski.me\/en\/wp-json\/wp\/v2\/tags?post=901776"},{"taxonomy":"naslovna","embeddable":true,"href":"https:\/\/gradski.me\/en\/wp-json\/wp\/v2\/naslovna?post=901776"}],"curies":[{"name":"wp","href":"https:\/\/api.w.org\/{rel}","templated":true}]}}