{"id":901765,"date":"2026-01-28T12:43:00","date_gmt":"2026-01-28T11:43:00","guid":{"rendered":"https:\/\/new.gradski.me\/uncategorized\/sudjenje-u-slucaju-plantaze-i-dalje-na-cekanju-odbacena-optuznica-protiv-rajkovica\/"},"modified":"2026-01-28T12:43:00","modified_gmt":"2026-01-28T11:43:00","slug":"sudjenje-u-slucaju-plantaze-i-dalje-na-cekanju-odbacena-optuznica-protiv-rajkovica","status":"publish","type":"post","link":"https:\/\/gradski.me\/en\/drustvo\/sudjenje-u-slucaju-plantaze-i-dalje-na-cekanju-odbacena-optuznica-protiv-rajkovica\/","title":{"rendered":"Trial in the \"Planta\u017ea\" case still pending: Indictment against Rajkovi\u0107 dismissed"},"content":{"rendered":"<p><\/p>\n\n\n\n<p><\/p>\n\n\n\n<p>Sudija Radovanovi\u0107 saop\u0161tio je da je vije\u0107e Vi\u0161eg suda donijelo presudu kojom je odbacilo optu\u017ebu protiv \u0110or\u0111a Rajkovi\u0107a zbog postojanja okolnosti koje trajno isklju\u010duju krivi\u010dno gonjenje, a koja se po \u017ealbi nalazi na odlu\u010divanje u Apelacionom sudu.<\/p>\n\n\n\n<p>Specijalno dr\u017eavno tu\u017eila\u0161tvo podiglo je optu\u017enicu protiv Verice Mara\u0161, Veselina Vukoti\u0107a, \u0110or\u0111ija Rajkovi\u0107a, Seada \u0160ahmana, Du\u0161ka Perovi\u0107a i Bo\u017ea Mihailovi\u0107a u martu 2023. godine, zbog sumnje da su zloupotrijebili polo\u017eaj u privrednom poslovanju tokom 2019\u20132020. godine, nanijev\u0161i milionsku \u0161tetu dr\u017eavnoj kompaniji.<\/p>\n\n\n\n<p>Podsjetimo, za zloupotrebu polo\u017eaja u privrednom poslovanju zakon predvi\u0111a kaznu zatvora od dvije do deset godina.<\/p>\n\n\n\n<p>&#8222;U postupku koji je prethodio podizanju optu\u017enice, na nivou osnovane sumnje utvr\u0111eno je da su optu\u017eeni, u periodu od 24. decembra 2019. do 23. aprila 2020. godine, u Podgorici, kao odgovorna lica u o\u0161te\u0107enom privrednom dru\u0161tvu &#8222;13. Jul \u2013 Planta\u017ee&#8220; a.d., zloupotrijebili svoj polo\u017eaj u pogledu raspolaganja tu\u0111om imovinom i nijesu vr\u0161ili svoju du\u017enost u postupku zaklju\u010denja o\u010digledno \u0161tetnog vansudskog poravnanja sa privrednim dru\u0161tvom OMP-Engineering d.o.o., pa su mu tako, usljed djelimi\u010dnog izvr\u0161enja o\u010digledno \u0161tetnog poravnanja, pribavili protivpravnu imovinsku korist, a o\u0161te\u0107enom nanijeli imovinsku \u0161tetu u visini od 384.672,40 eura&#8220;, saop\u0161teno je iz SDT-a.<\/p>\n\n\n\n<p><\/p>","protected":false},"excerpt":{"rendered":"<p>Pred vije\u0107e sudije Veljka Radovanovi\u0107a danas je u Vi\u0161em sudu u Podgorici ponovo odlo\u017eeno su\u0111enje biv\u0161im \u010delnicima kompanije &#8222;Planta\u017ee&#8220;, zbog neispunjavanja procesnih uslova da se ro\u010diste odr\u017ei. Naredni pretres zakazan je 8. aprila u 8 sati.<\/p>","protected":false},"author":5,"featured_media":901766,"comment_status":"open","ping_status":"open","sticky":false,"template":"","format":"standard","meta":{"_acf_changed":false,"footnotes":"","jetpack_publicize_message":"","jetpack_publicize_feature_enabled":true,"jetpack_social_post_already_shared":false,"jetpack_social_options":{"image_generator_settings":{"template":"highway","default_image_id":0,"font":"","enabled":false},"version":2}},"categories":[9],"tags":[2984,789],"naslovna":[],"class_list":["post-901765","post","type-post","status-publish","format-standard","has-post-thumbnail","hentry","category-drustvo","tag-plantaze","tag-sudjenje"],"acf":[],"jetpack_publicize_connections":[],"_links":{"self":[{"href":"https:\/\/gradski.me\/en\/wp-json\/wp\/v2\/posts\/901765","targetHints":{"allow":["GET"]}}],"collection":[{"href":"https:\/\/gradski.me\/en\/wp-json\/wp\/v2\/posts"}],"about":[{"href":"https:\/\/gradski.me\/en\/wp-json\/wp\/v2\/types\/post"}],"author":[{"embeddable":true,"href":"https:\/\/gradski.me\/en\/wp-json\/wp\/v2\/users\/5"}],"replies":[{"embeddable":true,"href":"https:\/\/gradski.me\/en\/wp-json\/wp\/v2\/comments?post=901765"}],"version-history":[{"count":0,"href":"https:\/\/gradski.me\/en\/wp-json\/wp\/v2\/posts\/901765\/revisions"}],"wp:featuredmedia":[{"embeddable":true,"href":"https:\/\/gradski.me\/en\/wp-json\/wp\/v2\/media\/901766"}],"wp:attachment":[{"href":"https:\/\/gradski.me\/en\/wp-json\/wp\/v2\/media?parent=901765"}],"wp:term":[{"taxonomy":"category","embeddable":true,"href":"https:\/\/gradski.me\/en\/wp-json\/wp\/v2\/categories?post=901765"},{"taxonomy":"post_tag","embeddable":true,"href":"https:\/\/gradski.me\/en\/wp-json\/wp\/v2\/tags?post=901765"},{"taxonomy":"naslovna","embeddable":true,"href":"https:\/\/gradski.me\/en\/wp-json\/wp\/v2\/naslovna?post=901765"}],"curies":[{"name":"wp","href":"https:\/\/api.w.org\/{rel}","templated":true}]}}