{"id":901699,"date":"2026-01-28T08:49:00","date_gmt":"2026-01-28T07:49:00","guid":{"rendered":"https:\/\/new.gradski.me\/uncategorized\/pozar-u-jevrejskoj-bolnici-u-berlinu-vise-povrijedjenih-pacijent-uhapsen\/"},"modified":"2026-01-28T08:49:00","modified_gmt":"2026-01-28T07:49:00","slug":"pozar-u-jevrejskoj-bolnici-u-berlinu-vise-povrijedjenih-pacijent-uhapsen","status":"publish","type":"post","link":"https:\/\/gradski.me\/en\/svijet\/pozar-u-jevrejskoj-bolnici-u-berlinu-vise-povrijedjenih-pacijent-uhapsen\/","title":{"rendered":"Fire at Jewish Hospital in Berlin: Several injured, patient arrested"},"content":{"rendered":"<p><\/p>\n\n\n\n<p>Prema informacijama policije, zapalio se du\u0161ek u jednoj od bolni\u010dkih soba, \u0161to je dovelo do pojave gustog dima i aktiviranja protivpo\u017earnog alarma, prenio je njema\u010dki list \u201eTages \u0160pigel\u201c.<\/p>\n\n\n\n<p>Po\u017ear je lokalizovan i uga\u0161en bez potrebe za evakuacijom bolnice.<\/p>\n\n\n\n<p>Vi\u0161e osoba zadobilo je povrede usljed udisanja dima, me\u0111u njima i vatrogasci te \u010dlanovi bolni\u010dkog osoblja, dok je jedan pacijent tako\u0111e povrije\u0111en.<\/p>\n\n\n\n<p>Istraga o ovom slu\u010daju je u toku.<\/p>","protected":false},"excerpt":{"rendered":"<p>U Jevrejskoj bolnici u Berlinu protekle no\u0107i izbio je po\u017ear, u kojem je povrije\u0111eno vi\u0161e osoba, saop\u0161tila je berlinska policija, navode\u0107i da je uhap\u0161en 71-godi\u0161nji pacijent osumnji\u010den za izazivanje po\u017eara.<\/p>","protected":false},"author":4,"featured_media":896763,"comment_status":"open","ping_status":"open","sticky":false,"template":"","format":"standard","meta":{"_acf_changed":false,"footnotes":"","jetpack_publicize_message":"","jetpack_publicize_feature_enabled":true,"jetpack_social_post_already_shared":false,"jetpack_social_options":{"image_generator_settings":{"template":"highway","default_image_id":0,"font":"","enabled":false},"version":2}},"categories":[14],"tags":[7878,8828,618],"naslovna":[],"class_list":["post-901699","post","type-post","status-publish","format-standard","has-post-thumbnail","hentry","category-svijet","tag-berlin","tag-bolnica","tag-pozar"],"acf":[],"jetpack_publicize_connections":[],"_links":{"self":[{"href":"https:\/\/gradski.me\/en\/wp-json\/wp\/v2\/posts\/901699","targetHints":{"allow":["GET"]}}],"collection":[{"href":"https:\/\/gradski.me\/en\/wp-json\/wp\/v2\/posts"}],"about":[{"href":"https:\/\/gradski.me\/en\/wp-json\/wp\/v2\/types\/post"}],"author":[{"embeddable":true,"href":"https:\/\/gradski.me\/en\/wp-json\/wp\/v2\/users\/4"}],"replies":[{"embeddable":true,"href":"https:\/\/gradski.me\/en\/wp-json\/wp\/v2\/comments?post=901699"}],"version-history":[{"count":0,"href":"https:\/\/gradski.me\/en\/wp-json\/wp\/v2\/posts\/901699\/revisions"}],"wp:featuredmedia":[{"embeddable":true,"href":"https:\/\/gradski.me\/en\/wp-json\/wp\/v2\/media\/896763"}],"wp:attachment":[{"href":"https:\/\/gradski.me\/en\/wp-json\/wp\/v2\/media?parent=901699"}],"wp:term":[{"taxonomy":"category","embeddable":true,"href":"https:\/\/gradski.me\/en\/wp-json\/wp\/v2\/categories?post=901699"},{"taxonomy":"post_tag","embeddable":true,"href":"https:\/\/gradski.me\/en\/wp-json\/wp\/v2\/tags?post=901699"},{"taxonomy":"naslovna","embeddable":true,"href":"https:\/\/gradski.me\/en\/wp-json\/wp\/v2\/naslovna?post=901699"}],"curies":[{"name":"wp","href":"https:\/\/api.w.org\/{rel}","templated":true}]}}