{"id":901548,"date":"2026-01-27T14:33:00","date_gmt":"2026-01-27T13:33:00","guid":{"rendered":"https:\/\/new.gradski.me\/uncategorized\/celanovic-stekli-su-se-uslovi-za-skracenje-mandata-so-i-raspisivanje-izbora\/"},"modified":"2026-01-27T14:33:00","modified_gmt":"2026-01-27T13:33:00","slug":"celanovic-stekli-su-se-uslovi-za-skracenje-mandata-so-i-raspisivanje-izbora","status":"publish","type":"post","link":"https:\/\/gradski.me\/en\/politika\/celanovic-stekli-su-se-uslovi-za-skracenje-mandata-so-i-raspisivanje-izbora\/","title":{"rendered":"\u010celanovi\u0107: Conditions have been met for shortening the mandate of the Municipal Assembly and calling elections"},"content":{"rendered":"<p><\/p>\n\n\n\n<p><\/p>\n\n\n\n<p>\u201cEvropski savez upozorava javnost da u op\u0161tini Kotor ni mjesec dana nakon konstituisanja Skup\u0161tine op\u0161tine nije izabran predsjednik op\u0161tine, \u010dime je direktno prekr\u0161en \u010dlan 56 Zakona o lokalnoj samoupravi. Kotor je jo\u0161 jednom ostao u stanju institucionalne blokade i fakti\u010dki obezvla\u0161\u0107en, bez jasne i legitimne lokalne vlasti\u201d, istakao je \u010celanovi\u0107.<\/p>\n\n\n\n<p>Kako je kazao, ovaj \u010dlan zakona jasno propisuje da se predsjednik op\u0161tine mora izabrati najkasnije u roku od 30 dana od dana konstituisanja Skup\u0161tine.<\/p>\n\n\n\n<p>\u201cKako se to nije desilo, stekli su se zakonski uslovi da se, na predlog Vlade ili najmanje jedne tre\u0107ine odbornika, donese odluka o skra\u0107enju mandata Skup\u0161tini op\u0161tine, a samim tim i o raspisivanju novih lokalnih izbora\u201d, jasan je on.<\/p>\n\n\n\n<p>Prema njegovim rije\u010dima, posebno zabrinjava \u010dinjenica da na dana\u0161nji dan u Kotoru fakti\u010dki ne postoji parlamentarna ve\u0107ina koja je u stanju da preuzme odgovornost za vo\u0111enje grada.<\/p>\n\n\n\n<p>\u201cUmjesto jasne politi\u010dke platforme i dogovora u interesu gra\u0111ana, svjedo\u010dimo produ\u017eenim pregovorima, politi\u010dkoj trgovini i kalkulacijama, dok vrijeme predvi\u0111eno zakonom nepovratno prolazi. Previ\u0161e je trgovine, a premalo odgovornosti i premalo vremena\u201d, poru\u010dio je.<\/p>\n\n\n\n<p>\u010celanovi\u0107 nagla\u0161ava da Kotor danas nema funkcionalnu vlast sa punim legitimitetom, ve\u0107 stanje politi\u010dke blokade koje direktno \u0161teti gra\u0111anima, lokalnoj upravi i svakodnevnom funkcionisanju grada.<\/p>\n\n\n\n<p>\u201cGrad koji ima ogroman turisti\u010dki, kulturni i ekonomski zna\u010daj ne smije biti talac neodgovornih politi\u010dkih dogovora iza zatvorenih vrata.&nbsp;Evropski savez smatra da se zakon ne mo\u017ee tuma\u010diti prema dnevnim politi\u010dkim potrebama i da se pravila moraju po\u0161tovati jednako u svakoj op\u0161tini u Crnoj Gori. Svako druga\u010dije postupanje predstavljalo bi opasan presedan i dodatno uru\u0161ilo povjerenje gra\u0111ana u institucije sistema\u201d, mi\u0161ljenja je \u010celanovi\u0107.<\/p>\n\n\n\n<p>On poziva nadle\u017ene da bez odlaganja pokrenu procedure predvi\u0111ene zakonom, kako bi se Skup\u0161tini op\u0161tine Kotor skratio mandat i gra\u0111anima omogu\u0107ilo da na izborima izaberu novu, stabilnu i odgovornu lokalnu vlast.<\/p>\n\n\n\n<p>\u201cKotor zaslu\u017euje funkcionalnu upravu i politi\u010dku odgovornost, a ne improvizaciju, trgovinu funkcijama i kr\u0161enje zakona. Evropski savez \u0107e nastaviti da insistira na po\u0161tovanju pravnog poretka i za\u0161titi interesa gra\u0111ana Kotora\u201d, zaklju\u010dio je.<\/p>","protected":false},"excerpt":{"rendered":"<p>Stekli su se uslovi za skra\u0107enje mandata Skup\u0161tini op\u0161tine i raspisivanje izbora, poru\u010dio je generalni sekretar SD-a i predstavnik Evropskog saveza,\u00a0Milo\u0161 \u010celanovi\u0107, dodaju\u0107i da Kotor ne mo\u017ee biti talac politi\u010dke neodgovornosti.<\/p>","protected":false},"author":8,"featured_media":901549,"comment_status":"open","ping_status":"open","sticky":false,"template":"","format":"standard","meta":{"_acf_changed":false,"footnotes":"","jetpack_publicize_message":"","jetpack_publicize_feature_enabled":true,"jetpack_social_post_already_shared":false,"jetpack_social_options":{"image_generator_settings":{"template":"highway","default_image_id":0,"font":"","enabled":false},"version":2}},"categories":[7],"tags":[8635,134,11970],"naslovna":[],"class_list":["post-901548","post","type-post","status-publish","format-standard","has-post-thumbnail","hentry","category-politika","tag-celanovic","tag-kotor","tag-partija"],"acf":[],"jetpack_publicize_connections":[],"_links":{"self":[{"href":"https:\/\/gradski.me\/en\/wp-json\/wp\/v2\/posts\/901548","targetHints":{"allow":["GET"]}}],"collection":[{"href":"https:\/\/gradski.me\/en\/wp-json\/wp\/v2\/posts"}],"about":[{"href":"https:\/\/gradski.me\/en\/wp-json\/wp\/v2\/types\/post"}],"author":[{"embeddable":true,"href":"https:\/\/gradski.me\/en\/wp-json\/wp\/v2\/users\/8"}],"replies":[{"embeddable":true,"href":"https:\/\/gradski.me\/en\/wp-json\/wp\/v2\/comments?post=901548"}],"version-history":[{"count":0,"href":"https:\/\/gradski.me\/en\/wp-json\/wp\/v2\/posts\/901548\/revisions"}],"wp:featuredmedia":[{"embeddable":true,"href":"https:\/\/gradski.me\/en\/wp-json\/wp\/v2\/media\/901549"}],"wp:attachment":[{"href":"https:\/\/gradski.me\/en\/wp-json\/wp\/v2\/media?parent=901548"}],"wp:term":[{"taxonomy":"category","embeddable":true,"href":"https:\/\/gradski.me\/en\/wp-json\/wp\/v2\/categories?post=901548"},{"taxonomy":"post_tag","embeddable":true,"href":"https:\/\/gradski.me\/en\/wp-json\/wp\/v2\/tags?post=901548"},{"taxonomy":"naslovna","embeddable":true,"href":"https:\/\/gradski.me\/en\/wp-json\/wp\/v2\/naslovna?post=901548"}],"curies":[{"name":"wp","href":"https:\/\/api.w.org\/{rel}","templated":true}]}}