{"id":901475,"date":"2026-01-27T15:08:00","date_gmt":"2026-01-27T14:08:00","guid":{"rendered":"https:\/\/new.gradski.me\/uncategorized\/planirali-napad-na-ambasadu-prema-upustvima-islamske-drzave-tri-osobe-uhapsene-u-azerbejdzanu\/"},"modified":"2026-01-27T15:08:00","modified_gmt":"2026-01-27T14:08:00","slug":"planirali-napad-na-ambasadu-prema-upustvima-islamske-drzave-tri-osobe-uhapsene-u-azerbejdzanu","status":"publish","type":"post","link":"https:\/\/gradski.me\/en\/svijet\/planirali-napad-na-ambasadu-prema-upustvima-islamske-drzave-tri-osobe-uhapsene-u-azerbejdzanu\/","title":{"rendered":"Planirali napad na ambasadu, prema upustvima Islamske dr\u017eave: Tri osobe uhap\u0161ene u Azerbejd\u017eanu"},"content":{"rendered":"<p><\/p>\n\n\n\n<p>Prema saop\u0161tenju Dr\u017eavne slu\u017ebe bezbednosti (SSS), uhap\u0161eni su\u00a0azerbejd\u017eanski\u00a0dr\u017eavljani Ilgar Gulijev (ro\u0111en 2000. godine, alias &#8222;Abu Zar al-Muhad\u017eir&#8220;), Amin Pirijev (ro\u0111en 2005. godine, alias &#8222;Abdura\u0161id&#8220;) i Elvin Alizade (ro\u0111en 2005. godine, alias &#8222;Abdurahman al-Azari&#8220;), koji su &#8222;uspostavili kriminalne veze sa \u010dlanovima ISIS-K i nabavili oru\u017eje i druge predmete na osnovu vjerske mr\u017enje&#8220;.<\/p>\n\n\n\n<p>Osumnji\u010deni su uhap\u0161eni dok su se pribli\u017eavali prostorijama neimenovane diplomatske misije, \u010dime je sprije\u010den planirani\u00a0teroristi\u010dki akt.<\/p>\n\n\n\n<p>Optu\u017eeni su za &#8222;pripremu terorizma&#8220; u grupi na osnovu vjerske mr\u017enje, u skladu sa Krivi\u010dnim zakonom Republike Azerbejd\u017ean, a sud im je odredio pritvor, navedeno je u saop\u0161tenju SSS.<\/p>","protected":false},"excerpt":{"rendered":"<p>Vlasti Azerbejd\u017eana saop\u0161tile su danas da su uhapsile tri osobe koje su planirale napad na stranu ambasadu u glavnom gradu Bakuu, prema instrukcijama Islamske dr\u017eave Horasan (ISIS-K), avganistanskog ogranka Islamske dr\u017eave.<\/p>","protected":false},"author":4,"featured_media":901476,"comment_status":"open","ping_status":"open","sticky":false,"template":"","format":"standard","meta":{"_acf_changed":false,"footnotes":"","jetpack_publicize_message":"","jetpack_publicize_feature_enabled":true,"jetpack_social_post_already_shared":false,"jetpack_social_options":{"image_generator_settings":{"template":"highway","default_image_id":0,"font":"","enabled":false},"version":2}},"categories":[14],"tags":[12130,12237,1587],"naslovna":[],"class_list":["post-901475","post","type-post","status-publish","format-standard","has-post-thumbnail","hentry","category-svijet","tag-ambasada","tag-azerbejdzan","tag-napad"],"acf":[],"jetpack_publicize_connections":[],"_links":{"self":[{"href":"https:\/\/gradski.me\/en\/wp-json\/wp\/v2\/posts\/901475","targetHints":{"allow":["GET"]}}],"collection":[{"href":"https:\/\/gradski.me\/en\/wp-json\/wp\/v2\/posts"}],"about":[{"href":"https:\/\/gradski.me\/en\/wp-json\/wp\/v2\/types\/post"}],"author":[{"embeddable":true,"href":"https:\/\/gradski.me\/en\/wp-json\/wp\/v2\/users\/4"}],"replies":[{"embeddable":true,"href":"https:\/\/gradski.me\/en\/wp-json\/wp\/v2\/comments?post=901475"}],"version-history":[{"count":0,"href":"https:\/\/gradski.me\/en\/wp-json\/wp\/v2\/posts\/901475\/revisions"}],"wp:featuredmedia":[{"embeddable":true,"href":"https:\/\/gradski.me\/en\/wp-json\/wp\/v2\/media\/901476"}],"wp:attachment":[{"href":"https:\/\/gradski.me\/en\/wp-json\/wp\/v2\/media?parent=901475"}],"wp:term":[{"taxonomy":"category","embeddable":true,"href":"https:\/\/gradski.me\/en\/wp-json\/wp\/v2\/categories?post=901475"},{"taxonomy":"post_tag","embeddable":true,"href":"https:\/\/gradski.me\/en\/wp-json\/wp\/v2\/tags?post=901475"},{"taxonomy":"naslovna","embeddable":true,"href":"https:\/\/gradski.me\/en\/wp-json\/wp\/v2\/naslovna?post=901475"}],"curies":[{"name":"wp","href":"https:\/\/api.w.org\/{rel}","templated":true}]}}