{"id":901378,"date":"2026-01-26T17:30:00","date_gmt":"2026-01-26T16:30:00","guid":{"rendered":"https:\/\/new.gradski.me\/uncategorized\/mju-zatvaranjem-poglavlja-32-zaokruzen-vazan-segment-reforme-javne-uprave\/"},"modified":"2026-01-26T17:30:00","modified_gmt":"2026-01-26T16:30:00","slug":"mju-zatvaranjem-poglavlja-32-zaokruzen-vazan-segment-reforme-javne-uprave","status":"publish","type":"post","link":"https:\/\/gradski.me\/en\/politika\/mju-zatvaranjem-poglavlja-32-zaokruzen-vazan-segment-reforme-javne-uprave\/","title":{"rendered":"MJU: Zatvaranjem poglavlja 32 zaokru\u017een va\u017ean segment reforme javne uprave"},"content":{"rendered":"<p><\/p>\n\n\n\n<p>,,Poseban zna\u010daj ovog rezultata ogleda se u njegovoj direktnoj povezanosti sa sprovo\u0111enjem Strategije reforme javne uprave, kojom su postavljeni temelji za profesionalizaciju upravlja\u010dkih struktura, depolitizaciju rukovode\u0107ih pozicija i ja\u010danje sistema unutra\u0161nje i spolja\u0161nje kontrole. Ostvareni rezultat doprinosi ispunjavanju jednog od Operativnih zaklju\u010daka Posebne grupe za reformu javne uprave (PAR SG), platforme za pregovore Crne Gore sa Evropskom komisijom&#8220;, navode iz MJU.<\/p>\n\n\n\n<p>Nagla\u0161avaju da je kroz dosljednu primjenu strate\u0161kih ciljeva, uz zna\u010dajan doprinos i posve\u0107en rad kolega iz Ministarstva finansija, unaprije\u0111eni kriterijumi za imenovanja, uspostavljeni efikasniji mehanizmi pra\u0107enja u\u010dinka i razvijeni savremeni alati za odgovorno upravljanje javnim finansijama, \u0161to je bilo od klju\u010dnog zna\u010daja za ispunjavanje zavr\u0161nih mjerila za zatvaranje poglavlja.<\/p>\n\n\n\n<p>,,Ostvareni napredak predstavlja va\u017ean iskorak ka daljem ja\u010danju kapaciteta javne uprave, unapre\u0111enju kvaliteta javnih usluga i izgradnji povjerenja gra\u0111ana i privrede u rad institucija, te dodatnu potvrdu opredijeljenosti Crne Gore da reforme sprovodi trajno, sistemski i u skladu sa najboljim evropskim standardima&#8220;, zaklju\u010duju iz Ministarstva javne uprave.<\/p>","protected":false},"excerpt":{"rendered":"<p>Zatvaranje pregovara\u010dkog poglavlja 32 Finansijska kontrola, koje obuhvata i oblast upravlja\u010dke odgovornosti, potvr\u0111uje da Crna Gora sistematski gradi javnu upravu zasnovanu na jasno definisanim nadle\u017enostima, transparentnom upravljanju i punoj odgovornosti nosilaca javnih funkcija,  saop\u0161teno je iz Ministarstva javne uprave.<\/p>","protected":false},"author":4,"featured_media":901379,"comment_status":"open","ping_status":"open","sticky":false,"template":"","format":"standard","meta":{"_acf_changed":false,"footnotes":"","jetpack_publicize_message":"","jetpack_publicize_feature_enabled":true,"jetpack_social_post_already_shared":false,"jetpack_social_options":{"image_generator_settings":{"template":"highway","default_image_id":0,"font":"","enabled":false},"version":2}},"categories":[7],"tags":[5788,17658,17659],"naslovna":[],"class_list":["post-901378","post","type-post","status-publish","format-standard","has-post-thumbnail","hentry","category-politika","tag-mju","tag-reforma-javne-uprave","tag-zatvaranje-poglavlja-32"],"acf":[],"jetpack_publicize_connections":[],"_links":{"self":[{"href":"https:\/\/gradski.me\/en\/wp-json\/wp\/v2\/posts\/901378","targetHints":{"allow":["GET"]}}],"collection":[{"href":"https:\/\/gradski.me\/en\/wp-json\/wp\/v2\/posts"}],"about":[{"href":"https:\/\/gradski.me\/en\/wp-json\/wp\/v2\/types\/post"}],"author":[{"embeddable":true,"href":"https:\/\/gradski.me\/en\/wp-json\/wp\/v2\/users\/4"}],"replies":[{"embeddable":true,"href":"https:\/\/gradski.me\/en\/wp-json\/wp\/v2\/comments?post=901378"}],"version-history":[{"count":0,"href":"https:\/\/gradski.me\/en\/wp-json\/wp\/v2\/posts\/901378\/revisions"}],"wp:featuredmedia":[{"embeddable":true,"href":"https:\/\/gradski.me\/en\/wp-json\/wp\/v2\/media\/901379"}],"wp:attachment":[{"href":"https:\/\/gradski.me\/en\/wp-json\/wp\/v2\/media?parent=901378"}],"wp:term":[{"taxonomy":"category","embeddable":true,"href":"https:\/\/gradski.me\/en\/wp-json\/wp\/v2\/categories?post=901378"},{"taxonomy":"post_tag","embeddable":true,"href":"https:\/\/gradski.me\/en\/wp-json\/wp\/v2\/tags?post=901378"},{"taxonomy":"naslovna","embeddable":true,"href":"https:\/\/gradski.me\/en\/wp-json\/wp\/v2\/naslovna?post=901378"}],"curies":[{"name":"wp","href":"https:\/\/api.w.org\/{rel}","templated":true}]}}