{"id":901236,"date":"2026-01-26T07:35:21","date_gmt":"2026-01-26T06:35:21","guid":{"rendered":"https:\/\/new.gradski.me\/uncategorized\/vuksic-nemam-veze-sa-nastankom-posjedovanjem-niti-distribucijom-snimaka-istinu-ce-utvrditi-institucije\/"},"modified":"2026-01-26T07:35:21","modified_gmt":"2026-01-26T06:35:21","slug":"vuksic-nemam-veze-sa-nastankom-posjedovanjem-niti-distribucijom-snimaka-istinu-ce-utvrditi-institucije","status":"publish","type":"post","link":"https:\/\/gradski.me\/en\/drustvo\/vuksic-nemam-veze-sa-nastankom-posjedovanjem-niti-distribucijom-snimaka-istinu-ce-utvrditi-institucije\/","title":{"rendered":"Vuk\u0161i\u0107: Nemam veze sa nastankom, posjedovanjem niti distribucijom snimaka, istinu \u0107e utvrditi institucije"},"content":{"rendered":"<p>Njegovo reagovanje prenosimo u cjelosti:<\/p>\n\n\n\n<p>Polaze\u0107i od jasne, dokumentovane i provjerljive hronologije doga\u0111aja, odbacujem sve neta\u010dne, nepotpune i tendenciozne navode kojima mi se bez dokaza poku\u0161ava pripisati odgovornost za ugro\u017eavanje privatnosti M. P. i distribuciju spornih snimaka, te smatram svojom obavezom da javnosti iznesem isklju\u010divo \u010dinjenice.<\/p>\n\n\n\n<p>Nemam nikakve veze sa nastankom, posjedovanjem niti distribucijom snimaka koji su se pojavili u javnosti. Te sadr\u017eaje sam prvi put vidio tek kada su po\u010deli nezakonito da kru\u017ee dru\u0161tvenim mre\u017eama.<\/p>\n\n\n\n<p>Doga\u0111aj koji se ovih dana poku\u0161ava predstaviti kao aktuelan desio se oktobra mjeseca 2024. godine u Podgorici, kada mi je M. P. protivpravno otu\u0111ila mobilni telefon, koji je potom zloupotrijebljen, \u010dime mi je grubo povrije\u0111ena privatnost. O tom doga\u0111aju nadle\u017eni organi posjeduju informaciju. Nagla\u0161avam da se ovim povodom nisam ogla\u0161avao u javnosti, prepu\u0161taju\u0107i slu\u010daj isklju\u010divo institucionalnom epilogu.<\/p>\n\n\n\n<p>Rije\u010di koje sam tom prilikom uputio M. P, a koje su selektivno i sa vremenskom distancom od godinu i tri mjeseca objavljene, bile su neposredna reakcija na kra\u0111u i zloupotrebu mog telefona. Te rije\u010di, bez obzira na njihov sadr\u017eaj, ne predstavljaju niti mogu predstavljati dokaz bilo kakvog krivi\u010dnog djela u vezi sa nastankom ili distribucijom fotografija i video snimaka na dru\u0161tvenim mre\u017eama, jer se radi o potpuno odvojenim pravnim pitanjima. Uprkos tome, danas se svjesno poku\u0161ava izvr\u0161iti zamjena teza, u kojoj se ja kao o\u0161te\u0107eni nastojim predstaviti kao izvr\u0161ilac krivi\u010dnog djela,&nbsp; a lice koje je protivpravno postupalo, odnosno ukralo telefon, kao \u017ertva.<\/p>\n\n\n\n<p>U martu 2025. godine, sa nepoznatog broja primio sam uznemiruju\u0107e poruke sa pomenutim audio snimkom sa mojim glasom, uz jasnu prijetnju i poku\u0161aj ucjene da odustanem od kandidature za sudiju Ustavnog suda \u0161to sam shvatio kao poruku da \u0107e taj audio snimak biti objavljen ukoliko ne poslu\u0161am \u201einstrukcije\u201c.&nbsp;Smatram da je M. P. na taj na\u010din, neposredno ili posredno, sama ili putem lica kojima je omogu\u0107ila kori\u0161\u0107enje sadr\u017eaja iz njenog telefona, poku\u0161ala da izvr\u0161i nedozvoljen uticaj na postupak izbora sudije Ustavnog suda.&nbsp;Tim povodom sam Upravi policije podnio prijavu protiv M. P. i NN lica zbog poku\u0161aja ucjene, kra\u0111e i zloupotrebe telefona, po kojoj je M. P. saslu\u0161ana.<\/p>\n\n\n\n<p>\u010cak i nakon svega prethodno navedenog, M. P. me je telefonski kontaktirala navode\u0107i&nbsp; da treba \u201cne\u0161to da joj zavr\u0161im\u201d odnosno da se \u201ciskupim\u201d zbog audio&nbsp; snimka koji je nastao isklju\u010divo kao posljedica kra\u0111e mog telefona od strane M. P. Moj duboki li\u010dni osje\u0107aj je bio da se ova vrsta poziva isklju\u010divo mogla odnositi na poku\u0161aj doti\u010dne osobe da moj uticaj stavi u funkciju njenog predlaganja za poziciju Ombudsmana i novi poku\u0161aj ucjene. Odbio sam poziv na sastanak. Dokaze o prednjem sam dostavio policiji.<\/p>\n\n\n\n<p>Krajem decembra 2025. godine M. P. podnosi prijavu protiv mene, dostavljaju\u0107i isti audio snimak i stvaraju\u0107i la\u017ean utisak da je rije\u010d o skora\u0161njem doga\u0111aju, pre\u0107utkuju\u0107i \u010dinjenicu da se doga\u0111aj desio prije vi\u0161e od godinu&nbsp; i da je povodom istog audio snimka ve\u0107 bila saslu\u0161ana zbog poku\u0161aja ucjene. Nagla\u0161avam jo\u0161 jednom&nbsp; \u010dinjenicu da se sadr\u017eaj u javnost plasira sa zna\u010dajnom vremenskom distancom i u ta\u010dno odre\u0111enom dru\u0161tveno-politi\u010dkom trenutku &#8211; izbor sudije Ustavnog suda i izbor Obudsmana, \u0161to dodatno potvr\u0111uje da se ne radi o za\u0161titi bilo \u010dijeg prava, ve\u0107 isklju\u010divo o poku\u0161aju diskreditacije mene li\u010dno.<\/p>\n\n\n\n<p>U januaru 2026. godine dostavio sam Upravi policije dodatne materijalne dokaze, zatim podnio prijavu protiv M. P. zbog la\u017enog prijavljivanja u vezi sa distribucijom spornih fotografija i video snimaka na dru\u0161tvenim mre\u017eama i insistirao na poligrafskom testiranju.<\/p>\n\n\n\n<p>Javno i nedvosmisleno saop\u0161tavam da sam spreman da se odmah podvrgnem ovim i bilo kojim drugim vrstama provjere i utvr\u0111ivanja \u010dinjenica i pozivam nadle\u017ene organe da ih&nbsp; bez odlaganja sprovedu, uz poziv da se&nbsp; istim testiranjima&nbsp; podvrgnu&nbsp; sva lica koja se u ovom slu\u010daju dovode u vezu.<\/p>\n\n\n\n<p>Radi za\u0161tite li\u010dnog integriteta i bezbjednosti svoje porodice, podnije\u0107u prijave i pokrenuti postupke protiv svih lica koja su me putem dru\u0161tvenih mre\u017ea la\u017eno optu\u017eila,&nbsp; uputila prijetnje, uvrede i pozive na lin\u010d, uklju\u010duju\u0107i i protiv poslanika u Skup\u0161tini Crne Gore koji me je javno ozna\u010dio kao \u201enasilnika\u201c, te slijede odgovaraju\u0107i sudski postupci za naknadu \u0161tete. Istina u ovom slu\u010daju ne\u0107e se utvr\u0111ivati na dru\u0161tvenim mre\u017eama ili u medijima, ve\u0107 isklju\u010divo pred nadle\u017enim institucijama. Na takav ishod sam spreman i na njemu insistiram.<\/p>","protected":false},"excerpt":{"rendered":"<p>Nemam nikakve veze sa nastankom, posjedovanjem niti distribucijom snimaka koji su se pojavili u javnosti. Te sadr\u017eaje sam prvi put vidio tek kada su po\u010deli nezakonito da kru\u017ee dru\u0161tvenim mre\u017eama, kazao je biv\u0161i direktor ANB-a i savjetnik predsjednika Crne Gore.<\/p>","protected":false},"author":1,"featured_media":901237,"comment_status":"open","ping_status":"open","sticky":false,"template":"","format":"standard","meta":{"_acf_changed":false,"footnotes":"","jetpack_publicize_message":"","jetpack_publicize_feature_enabled":true,"jetpack_social_post_already_shared":false,"jetpack_social_options":{"image_generator_settings":{"template":"highway","default_image_id":0,"font":"","enabled":false},"version":2}},"categories":[9],"tags":[17615,3283],"naslovna":[],"class_list":["post-901236","post","type-post","status-publish","format-standard","has-post-thumbnail","hentry","category-drustvo","tag-dejan-vuksic","tag-demant"],"acf":[],"jetpack_publicize_connections":[],"_links":{"self":[{"href":"https:\/\/gradski.me\/en\/wp-json\/wp\/v2\/posts\/901236","targetHints":{"allow":["GET"]}}],"collection":[{"href":"https:\/\/gradski.me\/en\/wp-json\/wp\/v2\/posts"}],"about":[{"href":"https:\/\/gradski.me\/en\/wp-json\/wp\/v2\/types\/post"}],"author":[{"embeddable":true,"href":"https:\/\/gradski.me\/en\/wp-json\/wp\/v2\/users\/1"}],"replies":[{"embeddable":true,"href":"https:\/\/gradski.me\/en\/wp-json\/wp\/v2\/comments?post=901236"}],"version-history":[{"count":0,"href":"https:\/\/gradski.me\/en\/wp-json\/wp\/v2\/posts\/901236\/revisions"}],"wp:featuredmedia":[{"embeddable":true,"href":"https:\/\/gradski.me\/en\/wp-json\/wp\/v2\/media\/901237"}],"wp:attachment":[{"href":"https:\/\/gradski.me\/en\/wp-json\/wp\/v2\/media?parent=901236"}],"wp:term":[{"taxonomy":"category","embeddable":true,"href":"https:\/\/gradski.me\/en\/wp-json\/wp\/v2\/categories?post=901236"},{"taxonomy":"post_tag","embeddable":true,"href":"https:\/\/gradski.me\/en\/wp-json\/wp\/v2\/tags?post=901236"},{"taxonomy":"naslovna","embeddable":true,"href":"https:\/\/gradski.me\/en\/wp-json\/wp\/v2\/naslovna?post=901236"}],"curies":[{"name":"wp","href":"https:\/\/api.w.org\/{rel}","templated":true}]}}