{"id":901058,"date":"2026-01-24T21:52:57","date_gmt":"2026-01-24T20:52:57","guid":{"rendered":"https:\/\/new.gradski.me\/uncategorized\/laciju-samo-bod-na-gostovanju-leceu\/"},"modified":"2026-01-24T21:52:57","modified_gmt":"2026-01-24T20:52:57","slug":"laciju-samo-bod-na-gostovanju-leceu","status":"publish","type":"post","link":"https:\/\/gradski.me\/en\/sport\/laciju-samo-bod-na-gostovanju-leceu\/","title":{"rendered":"Laciju samo bod na gostovanju Le\u0107eu"},"content":{"rendered":"<p>Tim sa juga Italije mo\u017ee biti zadovoljniji ishodom, dok je ekipa na\u0161eg reprezentativca Adama Maru\u0161i\u0107a, koja je bila favorit u ovom me\u010du, propustila priliku da se primakne mjestima koja vode u Evropu.<\/p>\n\n\n\n<p>Maru\u0161i\u0107 je odigrao cijeli me\u010d u dresu tima iz Rima.<\/p>\n\n\n\n<p>Gosti iz Rima nastavili su niz blijedih izdanja, a posebno lo\u0161 utisak ostavili su u prvom poluvremenu, tokom kojeg nijesu uspjeli da upute nijedan ozbiljan udarac ka golu doma\u0107e ekipe. Le\u0107e je, s druge strane, djelovalo konkretnije i imalo nekoliko prilika da do\u0111e do vo\u0111stva.&nbsp;<\/p>\n\n\n\n<p>Najve\u0107a \u0161ansa za pobjedu Lacija stigla je u samoj zavr\u0161nici, kada je poslije prodora po lijevoj strani Tejlor ponovo \u0161utirao, ali je lopta zavr\u0161ila na stativi.<\/p>","protected":false},"excerpt":{"rendered":"<p>U ne toliko zanimljivom me\u010du Serije A, Le\u0107e je uspio da prekine niz od \u010detiri me\u010da u kojima je pora\u017een &#8211; osvojio je bod na svom terenu protiv Lacija, bilo je 0:0 u 22. kolu.<\/p>","protected":false},"author":7,"featured_media":896635,"comment_status":"open","ping_status":"open","sticky":false,"template":"","format":"standard","meta":{"_acf_changed":false,"footnotes":"","jetpack_publicize_message":"","jetpack_publicize_feature_enabled":true,"jetpack_social_post_already_shared":false,"jetpack_social_options":{"image_generator_settings":{"template":"highway","default_image_id":0,"font":"","enabled":false},"version":2}},"categories":[15],"tags":[3874,4734,1907,3756],"naslovna":[],"class_list":["post-901058","post","type-post","status-publish","format-standard","has-post-thumbnail","hentry","category-sport","tag-adam-marusic","tag-lacio","tag-lece","tag-serije-a"],"acf":[],"jetpack_publicize_connections":[],"_links":{"self":[{"href":"https:\/\/gradski.me\/en\/wp-json\/wp\/v2\/posts\/901058","targetHints":{"allow":["GET"]}}],"collection":[{"href":"https:\/\/gradski.me\/en\/wp-json\/wp\/v2\/posts"}],"about":[{"href":"https:\/\/gradski.me\/en\/wp-json\/wp\/v2\/types\/post"}],"author":[{"embeddable":true,"href":"https:\/\/gradski.me\/en\/wp-json\/wp\/v2\/users\/7"}],"replies":[{"embeddable":true,"href":"https:\/\/gradski.me\/en\/wp-json\/wp\/v2\/comments?post=901058"}],"version-history":[{"count":0,"href":"https:\/\/gradski.me\/en\/wp-json\/wp\/v2\/posts\/901058\/revisions"}],"wp:featuredmedia":[{"embeddable":true,"href":"https:\/\/gradski.me\/en\/wp-json\/wp\/v2\/media\/896635"}],"wp:attachment":[{"href":"https:\/\/gradski.me\/en\/wp-json\/wp\/v2\/media?parent=901058"}],"wp:term":[{"taxonomy":"category","embeddable":true,"href":"https:\/\/gradski.me\/en\/wp-json\/wp\/v2\/categories?post=901058"},{"taxonomy":"post_tag","embeddable":true,"href":"https:\/\/gradski.me\/en\/wp-json\/wp\/v2\/tags?post=901058"},{"taxonomy":"naslovna","embeddable":true,"href":"https:\/\/gradski.me\/en\/wp-json\/wp\/v2\/naslovna?post=901058"}],"curies":[{"name":"wp","href":"https:\/\/api.w.org\/{rel}","templated":true}]}}