{"id":900876,"date":"2026-01-23T20:24:00","date_gmt":"2026-01-23T19:24:00","guid":{"rendered":"https:\/\/new.gradski.me\/uncategorized\/u-herceg-novom-aktivirano-kliziste-ugrozena-zgrada-sa-32-stana\/"},"modified":"2026-01-23T20:24:00","modified_gmt":"2026-01-23T19:24:00","slug":"u-herceg-novom-aktivirano-kliziste-ugrozena-zgrada-sa-32-stana","status":"publish","type":"post","link":"https:\/\/gradski.me\/en\/drustvo\/u-herceg-novom-aktivirano-kliziste-ugrozena-zgrada-sa-32-stana\/","title":{"rendered":"U Herceg Novom aktivirano klizi\u0161te, ugro\u017eena zgrada sa 32 stana"},"content":{"rendered":"<p><\/p>\n\n\n\n<p>U zgradi sa 32 stana ima dosta starih i bolesnih, vikenda\u0161a i onih koji su tu otakako je izgra\u0111ena.<\/p>\n\n\n\n<p>\u201eTo je prva zgrada koja je napravljena u ovoj ulici, u blizini magistrale. Primjetili smo da odavno polako tone, jer je izgra\u0111ena na potoku, tu je nekada bio i mlin. Me\u0111utim, klizi\u0161te je dodatno aktivirano kada je napravljena nedaleko zgrada na samom po\u010detku ulice, sa marketom u prizemlju. Po\u010dela je i magistrala da tone. Ju\u010de smo slu\u0161ali ba\u0161 kako pucketa, ljudi nisu mogli da u\u0111u u stanove, vrata su se iskrivila. Potonulo je sve dosta, balkoni se odvajaju, mislim da se nagnula sigurno 10 stepeni. Stanari su vri\u0161tali kada su vidjeli ispucale zidove i ulaze\u201c, kazao je&nbsp;<strong>Zdravko Ponorac<\/strong>, me\u0111u prvim stanarima daleke 1967. godine.<\/p>\n\n\n\n<p>Zgrada je poznata me\u0111u Novljanima kao \u201eplava zgrada\u201c, ali odavno vi\u0161e nije plava, jer nema novca za njenu sanaciju i fasadu, iako ka\u017ee Ponorac, mjese\u010dno pla\u0107aju po 30 eura za odr\u017eavanje.<\/p>\n\n\n\n<p>\u0160to je ta\u010dan uzrok klizi\u0161ta, mo\u017ee li se ono zaustaviti, iako je zgrada opasana jakim potpornim zidovima, re\u0107i \u0107e struka. Neki stanari, poslije mnogo godina, ipak, odlu\u010duju da \u201epakuju kofere\u201c iz bezbjednosnih razloga.<\/p>\n\n\n\n<p>Kako je kazao zamjenik na\u010delnika Slu\u017ebe komunalne policije i inspekcijskog nadzora,&nbsp;<strong>Darko Klasi\u0107<\/strong>, po pozivu gra\u0111ana odmah su ju\u010de iza\u0161li na teren.<\/p>\n\n\n\n<p>\u201eNapravili smo zapisnik i na lice mjeta \u0107e iza\u0107i i vje\u0161tak gra\u0111evinske struke i napraviti nalaz. Pretpostavljam da \u0107e ustanoviti da dolazi do slijeganja tla, \u0161to je bilo i ranije. \u010culi smo da je ovoga puta ljudima bilo tako izra\u017eeno da nisu mogli zatvoriti ku\u0107na vrata. Morali su da \u0161temaju ulaze\u201c, ka\u017ee Klasi\u0107.<\/p>\n\n\n\n<p>Za o\u010dekivati je da stanari ne\u0107e biti prepu\u0161teni lo\u0161oj sudbini i ostavljeni bez pomo\u0107i nadle\u017enih.<\/p>","protected":false},"excerpt":{"rendered":"<p>Stara skoro 60 godina, tzv. plava zgrada, na po\u010detku ulice Orjenski bataljon, u Herceg Novom, ju\u010de je po\u010dela da ja\u010de puca i klizi. Uznemireni stanari, u panici su se okupili, pozvali komunalnu policiju, nadle\u017ene u Op\u0161tini, pi\u0161e Novski portal.<\/p>","protected":false},"author":16,"featured_media":900877,"comment_status":"open","ping_status":"open","sticky":false,"template":"","format":"standard","meta":{"_acf_changed":false,"footnotes":"","jetpack_publicize_message":"","jetpack_publicize_feature_enabled":true,"jetpack_social_post_already_shared":false,"jetpack_social_options":{"image_generator_settings":{"template":"highway","default_image_id":0,"font":"","enabled":false},"version":2}},"categories":[9],"tags":[62,7025],"naslovna":[],"class_list":["post-900876","post","type-post","status-publish","format-standard","has-post-thumbnail","hentry","category-drustvo","tag-herceg-novi","tag-kliziste"],"acf":[],"jetpack_publicize_connections":[],"_links":{"self":[{"href":"https:\/\/gradski.me\/en\/wp-json\/wp\/v2\/posts\/900876","targetHints":{"allow":["GET"]}}],"collection":[{"href":"https:\/\/gradski.me\/en\/wp-json\/wp\/v2\/posts"}],"about":[{"href":"https:\/\/gradski.me\/en\/wp-json\/wp\/v2\/types\/post"}],"author":[{"embeddable":true,"href":"https:\/\/gradski.me\/en\/wp-json\/wp\/v2\/users\/16"}],"replies":[{"embeddable":true,"href":"https:\/\/gradski.me\/en\/wp-json\/wp\/v2\/comments?post=900876"}],"version-history":[{"count":0,"href":"https:\/\/gradski.me\/en\/wp-json\/wp\/v2\/posts\/900876\/revisions"}],"wp:featuredmedia":[{"embeddable":true,"href":"https:\/\/gradski.me\/en\/wp-json\/wp\/v2\/media\/900877"}],"wp:attachment":[{"href":"https:\/\/gradski.me\/en\/wp-json\/wp\/v2\/media?parent=900876"}],"wp:term":[{"taxonomy":"category","embeddable":true,"href":"https:\/\/gradski.me\/en\/wp-json\/wp\/v2\/categories?post=900876"},{"taxonomy":"post_tag","embeddable":true,"href":"https:\/\/gradski.me\/en\/wp-json\/wp\/v2\/tags?post=900876"},{"taxonomy":"naslovna","embeddable":true,"href":"https:\/\/gradski.me\/en\/wp-json\/wp\/v2\/naslovna?post=900876"}],"curies":[{"name":"wp","href":"https:\/\/api.w.org\/{rel}","templated":true}]}}