{"id":900724,"date":"2026-01-23T07:19:00","date_gmt":"2026-01-23T06:19:00","guid":{"rendered":"https:\/\/new.gradski.me\/uncategorized\/davos-i-venecuela-spustili-cijene-nafte-prema-64-usd\/"},"modified":"2026-01-23T07:19:00","modified_gmt":"2026-01-23T06:19:00","slug":"davos-i-venecuela-spustili-cijene-nafte-prema-64-usd","status":"publish","type":"post","link":"https:\/\/gradski.me\/en\/svijet\/davos-i-venecuela-spustili-cijene-nafte-prema-64-usd\/","title":{"rendered":"Davos i Venecuela spustili cijene nafte prema 64 USD"},"content":{"rendered":"<p>Cijene nafte pale su u \u010detvrtak na me\u0111unarodnim tr\u017ei\u0161tima prema 64 USD budu\u0107i da je ameri\u010dki predsjednik Donald Trump u Davosu povukao prijetnju carinama grupi evropskih zemalja u sporu oko Grenlanda, uz paralelnu postepenu normalizaciju snabdijevanja iz Venecuele.<\/p>\n\n\n\n<p>Na londonskom tr\u017ei\u0161tu barelom se trgovalo po 97 centi ni\u017eoj cijeni od 64,27 USD, dok je na ameri\u010dkom bio jeftiniji 93 centa i ko\u0161tao je 59,69 USD, prenosi Hrportfolio.<\/p>\n\n\n\n<p>Raspolo\u017eenje na tr\u017ei\u0161tima obilje\u017eile su po\u010dekom sedmice napetosti u odnosima SAD i EU zbog Grenlanda.<\/p>\n\n\n\n<p>Trump je kazao da SAD-u treba Grenland, danska autonomna teritorija, radi nacionalne sigurnosti. Kopenhagen je odgovorio da nije spreman da prepusti ostrvo, uz podr\u0161ku grupe evropskih zemalja, a Trump im je zaprijetio carinama.<\/p>\n\n\n\n<p>EU je potom suspendovao trgovinski sporazum sa SAD-om.<\/p>\n\n\n\n<p>Trump je u srijedu u Davosu povukao prijetnju carinama, rekav\u0161i da je utvr\u0111en &#8222;okvir budu\u0107eg sporazuma koji \u0107e se odnositi na Grenland&#8220;.&nbsp;<\/p>\n\n\n\n<p>Teg cijenama bili su i nagovje\u0161taji normalizacije snabdijevanja iz Venecuele.<\/p>\n\n\n\n<p>Izvoz venecuelske nafte u okviru sporazuma o snabdijevanju sa SAD-om dostigao je u srijedu oko 7,8 miliona barela, pokazali su podaci o pra\u0107enju brodova i dokumenti dr\u017eavne naftne kompanije PDVSA.<\/p>\n\n\n\n<p>Trgova\u010dke ku\u0107e Vitol i Trafigura dobile su preliminarne ameri\u010dke dozvole za prodaju venecuelanske nafte, ali ponuda jo\u0161 nije zna\u010dajno stanjila zalihe PDVSA-e, nabujale tokom ameri\u010dke blokade izvoza, koja je trajala gotovo mjesec.<\/p>\n\n\n\n<p>U takvim se se uslovima u skladi\u0161tima u Venecueli i na tankerima usidrenim uz njenu obalu nagomilale desetine miliona barela i PDVSA je smanjila proizvodnju, u prvom redu u glavnoj naftnoj regiji Orinoco, jer joj je nestalo skladi\u0161nog prostora.<\/p>\n\n\n\n<p>Polazak barela iz Venecuele potisnuo je u drugi plan probleme u proizvodnji u Kazahstanu.<\/p>\n\n\n\n<p>Tengizchevroil je privremeno u ponedjeljak obustavio proizvodnju u poljima Tengiz i Korolev zbog po\u017eara u trafostanicama. Kompanija je otkazala pet po\u0161iljki nafte koje je trebalo da budu otpremljene u inostranstvo u januaru i februaru, \u0161to po nekim procjenama odgovara 600 do 700 hiljada tona nafte, rekla su tri izvora.<\/p>\n\n\n\n<p>Polje Tengiz proizvodi vi\u0161e od 40 odsto kazahstanske nafte i kondenzata. Kazahstan je u periodu od januara do septembra pro\u0161le godine bio u prosjeku proizvodio oko 2,1 milion barela dnevno.<\/p>\n\n\n\n<p>Proizvodnja u Tengizu mogla bi biti obustavljena od sedam do deset dana, rekli su u utorak izvori u industriji.<\/p>\n\n\n\n<p>Tokom poslijepodneva francuski predsjednik Emmanuel Macron objavio je na X-u da je francuska mornarica, uz potporu nekoliko saveznika, presrela u &#8222;me\u0111unarodnim vodama&#8220; Mediterana &nbsp;tanker &#8222;pod me\u0111unarodnim sankcijama&#8220; na putu iz Rusije, zbog sumnje, kako je napisao, da plovi pod &#8222;la\u017enom zastavom&#8220;.<\/p>\n\n\n\n<p>Operacija je izvedena u suradnji s Britanijom koja je prikupila i podijelila informacije, omogu\u0107iv\u0161i presretanje, rekli su neimenovani francuski vojni zvani\u010dnici. Tanker Grinch plovio je pod la\u017enom zastavom Komora, dodali su, a posada je indijska.<\/p>\n\n\n\n<p>Odvojeni prora\u010duni Organizacije zemalja-izvoznica nafte (OPEC) pokazuju da je barel korpe nafte njenih \u010dlanica u srijedu bio skuplji 22 centa i ko\u0161tao je 62,94 USD.<\/p>","protected":false},"excerpt":{"rendered":"<p>Cijene nafte pale su u \u010detvrtak na me\u0111unarodnim tr\u017ei\u0161tima prema 64 USD budu\u0107i da je ameri\u010dki predsjednik Donald Trump u Davosu povukao prijetnju carinama grupi evropskih zemalja u sporu oko Grenlanda, uz paralelnu postepenu normalizaciju snabdijevanja iz Venecuele.<\/p>","protected":false},"author":1,"featured_media":0,"comment_status":"open","ping_status":"open","sticky":false,"template":"","format":"standard","meta":{"_acf_changed":false,"footnotes":"","jetpack_publicize_message":"","jetpack_publicize_feature_enabled":true,"jetpack_social_post_already_shared":false,"jetpack_social_options":{"image_generator_settings":{"template":"highway","default_image_id":0,"font":"","enabled":false},"version":2}},"categories":[14],"tags":[17216,676,1406,3113],"naslovna":[],"class_list":["post-900724","post","type-post","status-publish","format-standard","hentry","category-svijet","tag-davos","tag-dolar","tag-nafta","tag-venecuela"],"acf":[],"jetpack_publicize_connections":[],"_links":{"self":[{"href":"https:\/\/gradski.me\/en\/wp-json\/wp\/v2\/posts\/900724","targetHints":{"allow":["GET"]}}],"collection":[{"href":"https:\/\/gradski.me\/en\/wp-json\/wp\/v2\/posts"}],"about":[{"href":"https:\/\/gradski.me\/en\/wp-json\/wp\/v2\/types\/post"}],"author":[{"embeddable":true,"href":"https:\/\/gradski.me\/en\/wp-json\/wp\/v2\/users\/1"}],"replies":[{"embeddable":true,"href":"https:\/\/gradski.me\/en\/wp-json\/wp\/v2\/comments?post=900724"}],"version-history":[{"count":0,"href":"https:\/\/gradski.me\/en\/wp-json\/wp\/v2\/posts\/900724\/revisions"}],"wp:attachment":[{"href":"https:\/\/gradski.me\/en\/wp-json\/wp\/v2\/media?parent=900724"}],"wp:term":[{"taxonomy":"category","embeddable":true,"href":"https:\/\/gradski.me\/en\/wp-json\/wp\/v2\/categories?post=900724"},{"taxonomy":"post_tag","embeddable":true,"href":"https:\/\/gradski.me\/en\/wp-json\/wp\/v2\/tags?post=900724"},{"taxonomy":"naslovna","embeddable":true,"href":"https:\/\/gradski.me\/en\/wp-json\/wp\/v2\/naslovna?post=900724"}],"curies":[{"name":"wp","href":"https:\/\/api.w.org\/{rel}","templated":true}]}}