{"id":900705,"date":"2026-01-22T21:50:00","date_gmt":"2026-01-22T20:50:00","guid":{"rendered":"https:\/\/new.gradski.me\/uncategorized\/bracanovic-dan-kada-treba-da-ukazemo-na-vaznost-boljeg-statusa-i-vece-bezbijednosti-svih-medijskih-radnika\/"},"modified":"2026-01-22T21:50:00","modified_gmt":"2026-01-22T20:50:00","slug":"bracanovic-dan-kada-treba-da-ukazemo-na-vaznost-boljeg-statusa-i-vece-bezbijednosti-svih-medijskih-radnika","status":"publish","type":"post","link":"https:\/\/gradski.me\/en\/drustvo\/bracanovic-dan-kada-treba-da-ukazemo-na-vaznost-boljeg-statusa-i-vece-bezbijednosti-svih-medijskih-radnika\/","title":{"rendered":"Bracanovi\u0107: Dan kada treba da uka\u017eemo na va\u017enost boljeg statusa i ve\u0107e bezbijednosti svih medijskih radnika"},"content":{"rendered":"<p><\/p>\n\n\n\n<p>\u010cestitku prenosimo integralno: <\/p>\n\n\n\n<p>Ovaj datum nas podsje\u0107a na 1871. godinu i izlazak prvog broja lista  \u00bbCrnogorac\u00ab na Cetinju, udaraju\u0107i temelje profesije koja je i danas klju\u010dni stub svakog slobodnog dru\u0161tva. U vremenu brzih informacija i brojnih izazova va\u0161a uloga \u010duvara istine i objektivnosti va\u017enija je nego ikada. <\/p>\n\n\n\n<p>\u017delimo vam da istrajete u borbi za profesionalne standarde, etiku i slobodu izra\u017eavanja, jer je slobodan novinar temelj napredne i demokratske Crne Gore. Neka va\u0161a o\u0161tra pera i nepokolebljivi integritet bude glas onih koji se ne \u010duju. <\/p>\n\n\n\n<p>Ovo je dan kada treba da uka\u017eemo i na va\u017enost boljeg statusa i ve\u0107e bezbijednosti svih medijskih radnika. \u017delimo vam da radite u atmosferi slobode, bez cenzure i straha jer samo ekonomski nezavistan i za\u0161ti\u0107en novinar mo\u017ee do kraja slu\u017eiti istini.<\/p>\n\n\n\n<p>Sre\u0107an praznik svim i medijskim radnicima.<\/p>","protected":false},"excerpt":{"rendered":"<p>Predsjednik samostalnog Sindikata informativne, grafi\u010dke i izdava\u010dke djelatnosti Crne Gore, \u010cedomir Bracanovi\u0107 uputio je \u010destitku povodom Dana novinara Crne Gore.<\/p>","protected":false},"author":4,"featured_media":900706,"comment_status":"open","ping_status":"open","sticky":false,"template":"","format":"standard","meta":{"_acf_changed":false,"footnotes":"","jetpack_publicize_message":"","jetpack_publicize_feature_enabled":true,"jetpack_social_post_already_shared":false,"jetpack_social_options":{"image_generator_settings":{"template":"highway","default_image_id":0,"font":"","enabled":false},"version":2}},"categories":[9],"tags":[786,118,17355],"naslovna":[],"class_list":["post-900705","post","type-post","status-publish","format-standard","has-post-thumbnail","hentry","category-drustvo","tag-cestitka","tag-cetinje","tag-dan-novinara"],"acf":[],"jetpack_publicize_connections":[],"_links":{"self":[{"href":"https:\/\/gradski.me\/en\/wp-json\/wp\/v2\/posts\/900705","targetHints":{"allow":["GET"]}}],"collection":[{"href":"https:\/\/gradski.me\/en\/wp-json\/wp\/v2\/posts"}],"about":[{"href":"https:\/\/gradski.me\/en\/wp-json\/wp\/v2\/types\/post"}],"author":[{"embeddable":true,"href":"https:\/\/gradski.me\/en\/wp-json\/wp\/v2\/users\/4"}],"replies":[{"embeddable":true,"href":"https:\/\/gradski.me\/en\/wp-json\/wp\/v2\/comments?post=900705"}],"version-history":[{"count":0,"href":"https:\/\/gradski.me\/en\/wp-json\/wp\/v2\/posts\/900705\/revisions"}],"wp:featuredmedia":[{"embeddable":true,"href":"https:\/\/gradski.me\/en\/wp-json\/wp\/v2\/media\/900706"}],"wp:attachment":[{"href":"https:\/\/gradski.me\/en\/wp-json\/wp\/v2\/media?parent=900705"}],"wp:term":[{"taxonomy":"category","embeddable":true,"href":"https:\/\/gradski.me\/en\/wp-json\/wp\/v2\/categories?post=900705"},{"taxonomy":"post_tag","embeddable":true,"href":"https:\/\/gradski.me\/en\/wp-json\/wp\/v2\/tags?post=900705"},{"taxonomy":"naslovna","embeddable":true,"href":"https:\/\/gradski.me\/en\/wp-json\/wp\/v2\/naslovna?post=900705"}],"curies":[{"name":"wp","href":"https:\/\/api.w.org\/{rel}","templated":true}]}}