{"id":900679,"date":"2026-01-22T17:55:12","date_gmt":"2026-01-22T16:55:12","guid":{"rendered":"https:\/\/new.gradski.me\/uncategorized\/mjestani-gornje-gorice-protestovali-ispred-konjickog-kluba-buducnost\/"},"modified":"2026-01-22T17:55:12","modified_gmt":"2026-01-22T16:55:12","slug":"mjestani-gornje-gorice-protestovali-ispred-konjickog-kluba-buducnost","status":"publish","type":"post","link":"https:\/\/gradski.me\/en\/podgorica\/mjestani-gornje-gorice-protestovali-ispred-konjickog-kluba-buducnost\/","title":{"rendered":"Residents of Gornja Gorica protested in front of the \"Budu\u0107nost\" Equestrian Club"},"content":{"rendered":"<p id=\"brxe-fjyngv\"><\/p>\n\n\n\n<p>Rije\u010d je o zemlji\u0161tu koje je dr\u017eava \u0161ezdesetih godina pro\u0161log vijeka nacionalizovala uz naknadu koja, kako navode, nije bila utvr\u0111ena po tr\u017ei\u0161noj vrijednosti. Iako je po\u010detkom devedesetih godina u Crnoj Gori sprovo\u0111en proces povra\u0107aja oduzete imovine, zemlji\u0161te u Gornjoj Gorici tada nije vra\u0107eno vlasnicima, ve\u0107 je njime nastavila da raspola\u017ee kompanija \u201ePlanta\u017ee\u201c. Mje\u0161tani tvrde da sada postoje informacije da bi to zemlji\u0161te moglo biti i prodato.<\/p>\n\n\n\n<p>Zbog toga su danas organizovali protest ispred Konji\u010dkog kluba \u201eBudu\u0107nost\u201c, iskazuju\u0107i nezadovoljstvo i upozoravaju\u0107i na, kako navode, vi\u0161edecenijsku nepravdu.<\/p>\n\n\n\n<p>Podsje\u0107aju da su ranije protestovali ispred Skup\u0161tine Crne Gore, kao i da su u znak upozorenja blokirali kru\u017eni tok na Nik\u0161i\u0107koj magistrali.<\/p>\n\n\n\n<p>Jedan od mje\u0161tana, Mi\u0161ko Berlila\u017ei\u0107, kazao je da \u0107e protesti biti nastavljeni i u\u010destaliji.<\/p>\n\n\n\n<p>\u201eImamo informacije da se uveliko radi na prodaji na\u0161eg zemlji\u0161ta nekom licu. Nama ostaje jedini ovakav oblik pritiska i adekvatna radikalizacija protesta\u201c, izjavio je Berlila\u017ei\u0107.<\/p>\n\n\n\n<p>Okupljeni su poru\u010dili da ne\u0107e odustati od zahtjeva za ostvarivanje svojih prava i za\u0161titu imovine, te da o\u010dekuju hitnu reakciju nadle\u017enih institucija.<\/p>","protected":false},"excerpt":{"rendered":"<p>Mje\u0161tani Gornje Gorice godinama tra\u017ee povra\u0107aj zemlji\u0161ta \u010diji je formalni vlasnik dr\u017eavna kompanija \u201ePlanta\u017ee\u201c, a za koje tvrde da predstavlja njihovu porodi\u010dnu imovinu.<\/p>","protected":false},"author":4,"featured_media":900680,"comment_status":"open","ping_status":"open","sticky":false,"template":"","format":"standard","meta":{"_acf_changed":false,"footnotes":"","jetpack_publicize_message":"","jetpack_publicize_feature_enabled":true,"jetpack_social_post_already_shared":false,"jetpack_social_options":{"image_generator_settings":{"template":"highway","default_image_id":0,"font":"","enabled":false},"version":2}},"categories":[6],"tags":[2095,2984,17422,451],"naslovna":[],"class_list":["post-900679","post","type-post","status-publish","format-standard","has-post-thumbnail","hentry","category-podgorica","tag-gornja-gorica","tag-plantaze","tag-protrsti","tag-skupstina"],"acf":[],"jetpack_publicize_connections":[],"_links":{"self":[{"href":"https:\/\/gradski.me\/en\/wp-json\/wp\/v2\/posts\/900679","targetHints":{"allow":["GET"]}}],"collection":[{"href":"https:\/\/gradski.me\/en\/wp-json\/wp\/v2\/posts"}],"about":[{"href":"https:\/\/gradski.me\/en\/wp-json\/wp\/v2\/types\/post"}],"author":[{"embeddable":true,"href":"https:\/\/gradski.me\/en\/wp-json\/wp\/v2\/users\/4"}],"replies":[{"embeddable":true,"href":"https:\/\/gradski.me\/en\/wp-json\/wp\/v2\/comments?post=900679"}],"version-history":[{"count":0,"href":"https:\/\/gradski.me\/en\/wp-json\/wp\/v2\/posts\/900679\/revisions"}],"wp:featuredmedia":[{"embeddable":true,"href":"https:\/\/gradski.me\/en\/wp-json\/wp\/v2\/media\/900680"}],"wp:attachment":[{"href":"https:\/\/gradski.me\/en\/wp-json\/wp\/v2\/media?parent=900679"}],"wp:term":[{"taxonomy":"category","embeddable":true,"href":"https:\/\/gradski.me\/en\/wp-json\/wp\/v2\/categories?post=900679"},{"taxonomy":"post_tag","embeddable":true,"href":"https:\/\/gradski.me\/en\/wp-json\/wp\/v2\/tags?post=900679"},{"taxonomy":"naslovna","embeddable":true,"href":"https:\/\/gradski.me\/en\/wp-json\/wp\/v2\/naslovna?post=900679"}],"curies":[{"name":"wp","href":"https:\/\/api.w.org\/{rel}","templated":true}]}}