{"id":900588,"date":"2026-01-22T13:05:18","date_gmt":"2026-01-22T12:05:18","guid":{"rendered":"https:\/\/new.gradski.me\/uncategorized\/gorcevic-crna-gora-u-ponedjeljak-zatvara-jos-jedno-pregovaracko-poglavlje\/"},"modified":"2026-01-22T13:05:18","modified_gmt":"2026-01-22T12:05:18","slug":"gorcevic-crna-gora-u-ponedjeljak-zatvara-jos-jedno-pregovaracko-poglavlje","status":"publish","type":"post","link":"https:\/\/gradski.me\/en\/politika\/gorcevic-crna-gora-u-ponedjeljak-zatvara-jos-jedno-pregovaracko-poglavlje\/","title":{"rendered":"Gor\u010devi\u0107: Crna Gora u ponedjeljak zatvara jo\u0161 jedno pregovara\u010dko poglavlje"},"content":{"rendered":"<p>\u201cOvo je vi\u0161e nego dobra vijest za Crnu Goru. Sa sna\u017enim vjetrom u le\u0111a ulazimo u najva\u017eniju godinu na na\u0161em integracionom putu\u201d poru\u010dila je nakon dana\u0161nje sjednice Vlade ministarka evropskih poslova Maida Gor\u010devi\u0107.<\/p>\n\n\n\n<p>Ministarka je pojasnila da je rije\u010d o poglavlju 32 &#8211; Finansijski nadzor koje se odnosi na usvajanje me\u0111unarodno prihva\u0107enih standarda u oblastima javne unutra\u0161nje finansijske kontrole, eksterne revizije i najbolje prakse EU i njhovu primjenu na cijeli javni sektor, disciplinu i transparentnost u kori\u0161\u0107enju nacionalnih i sredstava EU.<\/p>\n\n\n\n<p>Gor\u010devi\u0107 je ukazala na veoma pozitivan odnos Kipra koji predsjedava Savjetom Evropske unije, a koji, kako je istakla ministarka, zakazivanjem Me\u0111uvladine konferencije sa Crnom Gorom ve\u0107 u januaru, potvr\u0111uje svoju opredijeljenost ispunjavanju cilja o \u010dlanstvu Crne Gore u Uniji do 2028. godine.<\/p>\n\n\n\n<p>\u201cI ne samo Kipar kao predsjedvaju\u0107a \u010dlanica, ve\u0107 i sve ostale dr\u017eave \u010dlanice Evropske unije, glasanjem za zatvaranje jo\u0161 jednog poglavlja sa Crnom Gorom ve\u0107 po\u010detkom godine, istinski potvr\u0111uju svoju posve\u0107enost pro\u0161irenju i ja\u010danju Evropske unije. Samim tim dr\u017eave \u010dlanice vrlo jasno iskazuju i svoju odlu\u010dnost da Crna Gora postane 28. \u010dlanicom do 2028. godine\u201d, zaklju\u010dila je Gor\u010devi\u0107.<\/p>\n\n\n\n<p>Zatvaranje poglavlja 32 \u2013 Finansijski nadzor predstavlja va\u017ean iskorak Crne Gore na putu ka \u010dlanstvu u Evropskoj uniji i jasan signal povjerenja koje Evropska unija ima u sposobnost na\u0161ih institucija da \u0161tite finansijske interese dr\u017eave i EU, te da odgovorno i transparentno upravljaju javnim sredstvima. Rije\u010d je o jo\u0161 jednom poglavlju iz Klastera 1 \u2013 Temeljna prava, \u010dijim zatvaranjem dodatno ja\u010damo ukupnu vjerodostojnost reformskog procesa.<\/p>\n\n\n\n<p>Ovaj uspjeh dolazi nakon zatvaranja Poglavlja 5 \u2013 Javne nabavke, u kojem je Evropska komisija prepoznala zrelost sistema i konkretne rezultate reformi, potvr\u0111uju\u0107i visok nivo povjerenja u crnogorske institucije kada je rije\u010d o kontroli i transparentnosti tro\u0161enja javnog novca.<\/p>\n\n\n\n<p>Zatvaranjem Poglavlja 32 Crna Gora pravi va\u017ean korak dalje ka ispunjavanju zavr\u0161nih kriterijuma za zatvaranje Klastera 1, u kojem se nalaze i klju\u010dna poglavlja 23 i 24, kao i poglavlje statistike, koja predstavljaju temelj cjelokupnog pregovara\u010dkog procesa.<\/p>\n\n\n\n<p>Poseban zna\u010daj ovog poglavlja ogleda se u unapre\u0111enju sistema unutra\u0161njih finansijskih kontrola, ja\u010danju nezavisnosti i kapaciteta Dr\u017eavne revizorske institucije, za\u0161titi finansijskih interesa EU i eura od falsifikovanja, \u0161to dodatno potvr\u0111uje povjerenje Evropske unije u na\u0161 institucionalni okvir i sposobnost da preuzmemo obaveze \u010dlanstva. Osnivanjem bud\u017eetske inspekcije dodatno smo oja\u010dali kontrolu tro\u0161enja javnih sredstava i poslali jasnu poruku da je za\u0161tita finansijskog poslovanja i javnog novca jedan od klju\u010dnih prioriteta Vlade Crne Gore.<\/p>","protected":false},"excerpt":{"rendered":"<p>Me\u0111uvladina konferencija izme\u0111u Crne Gore i Evropske unije na kojoj \u0107e Crna Gora zatvoriti jo\u0161 jedno pregovara\u010dko poglavlje sa Evropskom unijom odr\u017ea\u0107e se u Briselu, u ponedjeljak 26. januara 2026. godine.<\/p>","protected":false},"author":1,"featured_media":896659,"comment_status":"open","ping_status":"open","sticky":false,"template":"","format":"standard","meta":{"_acf_changed":false,"footnotes":"","jetpack_publicize_message":"","jetpack_publicize_feature_enabled":true,"jetpack_social_post_already_shared":false,"jetpack_social_options":{"image_generator_settings":{"template":"highway","default_image_id":0,"font":"","enabled":false},"version":2}},"categories":[7],"tags":[188,282,4134],"naslovna":[],"class_list":["post-900588","post","type-post","status-publish","format-standard","has-post-thumbnail","hentry","category-politika","tag-crna-gora","tag-eu","tag-poglavlje"],"acf":[],"jetpack_publicize_connections":[],"_links":{"self":[{"href":"https:\/\/gradski.me\/en\/wp-json\/wp\/v2\/posts\/900588","targetHints":{"allow":["GET"]}}],"collection":[{"href":"https:\/\/gradski.me\/en\/wp-json\/wp\/v2\/posts"}],"about":[{"href":"https:\/\/gradski.me\/en\/wp-json\/wp\/v2\/types\/post"}],"author":[{"embeddable":true,"href":"https:\/\/gradski.me\/en\/wp-json\/wp\/v2\/users\/1"}],"replies":[{"embeddable":true,"href":"https:\/\/gradski.me\/en\/wp-json\/wp\/v2\/comments?post=900588"}],"version-history":[{"count":0,"href":"https:\/\/gradski.me\/en\/wp-json\/wp\/v2\/posts\/900588\/revisions"}],"wp:featuredmedia":[{"embeddable":true,"href":"https:\/\/gradski.me\/en\/wp-json\/wp\/v2\/media\/896659"}],"wp:attachment":[{"href":"https:\/\/gradski.me\/en\/wp-json\/wp\/v2\/media?parent=900588"}],"wp:term":[{"taxonomy":"category","embeddable":true,"href":"https:\/\/gradski.me\/en\/wp-json\/wp\/v2\/categories?post=900588"},{"taxonomy":"post_tag","embeddable":true,"href":"https:\/\/gradski.me\/en\/wp-json\/wp\/v2\/tags?post=900588"},{"taxonomy":"naslovna","embeddable":true,"href":"https:\/\/gradski.me\/en\/wp-json\/wp\/v2\/naslovna?post=900588"}],"curies":[{"name":"wp","href":"https:\/\/api.w.org\/{rel}","templated":true}]}}