{"id":900505,"date":"2026-01-22T07:03:00","date_gmt":"2026-01-22T06:03:00","guid":{"rendered":"https:\/\/new.gradski.me\/uncategorized\/vucinic-zagoric-danas-potpuno-saobracajno-zakljucan-hitno-potrebno-poboljsanje-infrastrukture\/"},"modified":"2026-01-22T07:03:00","modified_gmt":"2026-01-22T06:03:00","slug":"vucinic-zagoric-danas-potpuno-saobracajno-zakljucan-hitno-potrebno-poboljsanje-infrastrukture","status":"publish","type":"post","link":"https:\/\/gradski.me\/en\/podgorica\/vucinic-zagoric-danas-potpuno-saobracajno-zakljucan-hitno-potrebno-poboljsanje-infrastrukture\/","title":{"rendered":"Vu\u010dini\u0107: Zagori\u010d danas potpuno saobra\u0107ajno zaklju\u010dan, hitno potrebno pobolj\u0161anje infrastrukture"},"content":{"rendered":"<p><\/p>\n\n\n\n<p>Isti\u010de da je vi\u0161e puta pisao o Zagori\u010du, gdje \u017eivi i gdje je ro\u0111en.<\/p>\n\n\n\n<p>&#8222;Sa dana\u0161njih 40.000 njegovih stanovnika, taj \u0107e se broj &#8211; samo u naredne dvije godine pove\u0107ati za bezmalo 20%, jer se trenutno u njemu gradi preko 1.500 novih stambenih jedinica\u2026 U naselje se ulazi preko, odnosno pored, Vezirovog mosta iz pravca grada, i to samo jednom dvojnom saobra\u0107ajnom trakom, a to mjesto je odavno prepoznato kao njegova crna ta\u010dka\u2026&#8220;, kazao je Vu\u010dini\u0107.<\/p>\n\n\n\n<p>Iz naselja se izlazi, kako ka\u017ee, isto sa samo jednom dvojnom saobra\u0107ajnom trakom sa \u0161inskim prelazom, ka minizaobilaznici i Murtovini, odnosno kroz podvo\u017enjak sa jednom naizmjeni\u010dnom saobra\u0107ajnom trakom, ka Zlatici i auto-putu.<\/p>\n\n\n\n<p>&#8222;Tre\u0107ina Zagori\u010da je Park \u0160uma &#8211; skroz nelegalno i stihijski izgra\u0111eno najve\u0107e naselje u dr\u017eavi &#8211; sa 1500 ku\u0107a na otetoj zemlji, \u0161to dr\u017eavnoj \u0161to privatnoj, a koja je vra\u0107ena biv\u0161im vlasnicima &#8211; u kompletu s njegovim gra\u0111anima na istoj pride, a koji danas blokiraju kru\u017ene tokove zbog (po njima) prevelikih nameta zbog sudskih tro\u0161kova, jer svi redom gube pred zakonom i samom pravdom. Tre\u0107ina naselja je, od osamdesetih godina pro\u0161log vijeka, planski urbanizovana i predstavlja jednu od najljep\u0161ih cjelina ovog grada &#8211; pod Goricom i na obali Mora\u010de\u2026<br>Posljednja tre\u0107ina je &#8211; neourbanisti\u010dki haos&#8220;, upozorava Vu\u010dini\u0107.<\/p>\n\n\n\n<p>Za\u0161to haos, kako navodi, zato \u0161to nezaustavljiva stihija hiperurbanosti tzv. betonizacije, razapinje svoja ogromna nezaja\u017eljiva \u017evala da proguta ovo posljednje &#8211; lijepo titogradsko predgra\u0111e, a koje je do prije nekih 5-6 godina egzistiralo kao takvo.<\/p>\n\n\n\n<p>&#8222;Zagori\u010d vri. Ja kao njegov narodni predstavnik, i kao prosvjetni radnik u istom, \u010dije je sve u njemu (i po\u010detak i kraj), to ponajbolje osje\u0107am\u2026 Svakodnevni pozivi mojih starosjedioca &#8211; s konstatacijom da je ovo prevazi\u0161lo svaku mjeru dobrog ukusa, jeste neumoljiva istina\u2026 rije\u010di mojih kom\u0161ija, koji su svoj mir doskoro nalazili u ovom naselju, a koji svakim danom i sve vi\u0161e gube strpljenje zbog op\u0161teg saobra\u0107ajnog java\u0161luka i nemara svojih novoprido\u0161lih kom\u0161ija iz njihovih &#8222;mamutki&#8220;\u2026 sve to uz svakodnevne nesnosne \u017ealopojke roditelja &#8211; koji ne mogu pri\u0107i ni vrti\u0107u niti \u0161koli\u2026 i muke roditelja i \u0111aka &#8211; koji svakodnevno idu u \u0161kolu i na posao, do grada, gube\u0107i u tome i po dva dnevna sata &#8211; u oba pravca\u2026 i preko svega toga &#8211; ona sveprisutna nezaje\u017eljivost &#8222;investitora&#8220;, koji svakodnevno krstare naseljem, vrebaju\u0107i prilike (i neprilike) kako bi se domogli kakvog &#8222;slatkog zalogaja&#8220; u zemlji da posade svoje nove betonske monstrume. Dozlogrdilo nam je svima, jer je na\u0161 Zagori\u010d od raja &#8211; postao pakao za \u017eivot\u2026&#8220;, istakao je Vu\u010dini\u0107.<br><br>Ovome, kako dalje navodi, nije dovoljno simptomatsko lije\u010denje &#8211; teku\u0107im presvla\u010denjem na\u0161e jedine tri kr\u0161tene ulice u naselju, novim asfaltom za njihove mr\u010dene dvije saobra\u0107ajne trake.<\/p>\n\n\n\n<p>&#8222;To jeste pomak, ali isto ne donosi rje\u0161enja, iako je za svaku pohvalu &#8211; kao prva intervencija nadle\u017enih s nivoa Glavnog grada, poslije skoro 20 godina nemara! Nama je potreban baj-pas, da ne zavr\u0161imo na transplantaciji!<br>Oslobodite nam grlo! Napravite nam kona\u010dno bulevar ka Centru grada! Napravite nam jo\u0161 jedan most izvi\u0161e Vezirovog u naselju, da istim dobijemo odu\u0161ak ka Momi\u0161koj \u0161kali i Preko Mora\u010de! Napravite nam most ka Spu\u017eu i Rogamima\/Piperima &#8211; da sav tranzit s autoputa koji prolazi niz svo naselje odmah ide u tom pravcu bez ulaska u isto! Napravite nam nadvo\u017enjake\/podvo\u017enjake u naselju, preko nik\u0161i\u0107ke i beogradske pruge, ka Murtovini i Zlatici!<br>Probu\u0161ite &#8211; i Goricu ako treba, tunelom do Centra&#8220;, kazao je Vu\u010dini\u0107.<\/p>\n\n\n\n<p>Isti\u010de da \u0107e samo od ovih zgrada, koje su trenutno u izgradnji, grad prihodovati 15.000.000 za komunalije, te da te pare treba da se utro\u0161e u te infrastrukturne projekte, ali i one nove 15.000.000 koje \u0107ete tek naplatiti.<\/p>\n\n\n\n<p>&#8222;Ili to &#8211; ili obustavite svaku gradnju u ovom naselju, uvedite moratorijum na istu, ako ne\u0107ete &#8211; Zagori\u010dani \u0107e se za isto izboriti! Zagori\u010du treba vazduh&#8220;, poru\u010dio je Vu\u010dini\u0107.<\/p>","protected":false},"excerpt":{"rendered":"<p>Zagori\u010d je danas  potpunosti saobra\u0107ajno zaklju\u010dan, i ve\u0107 godinama nosi tu om\u010du oko vrata, predstavljaju\u0107i time jedno veliko bure baruta &#8211; koje \u0107e ubrzo eksplodirati, kazao je odbornik Pokreta za Podgoricu, ukazuju\u0107i na problematiku neplanska gradnje.<\/p>","protected":false},"author":4,"featured_media":899887,"comment_status":"open","ping_status":"open","sticky":false,"template":"","format":"standard","meta":{"_acf_changed":false,"footnotes":"","jetpack_publicize_message":"","jetpack_publicize_feature_enabled":true,"jetpack_social_post_already_shared":false,"jetpack_social_options":{"image_generator_settings":{"template":"highway","default_image_id":0,"font":"","enabled":false},"version":2}},"categories":[6],"tags":[2074,116,367,1731],"naslovna":[],"class_list":["post-900505","post","type-post","status-publish","format-standard","has-post-thumbnail","hentry","category-podgorica","tag-dragutin-vucinic","tag-glavni-grad","tag-pokret-za-podgoricu","tag-zagoric"],"acf":[],"jetpack_publicize_connections":[],"_links":{"self":[{"href":"https:\/\/gradski.me\/en\/wp-json\/wp\/v2\/posts\/900505","targetHints":{"allow":["GET"]}}],"collection":[{"href":"https:\/\/gradski.me\/en\/wp-json\/wp\/v2\/posts"}],"about":[{"href":"https:\/\/gradski.me\/en\/wp-json\/wp\/v2\/types\/post"}],"author":[{"embeddable":true,"href":"https:\/\/gradski.me\/en\/wp-json\/wp\/v2\/users\/4"}],"replies":[{"embeddable":true,"href":"https:\/\/gradski.me\/en\/wp-json\/wp\/v2\/comments?post=900505"}],"version-history":[{"count":0,"href":"https:\/\/gradski.me\/en\/wp-json\/wp\/v2\/posts\/900505\/revisions"}],"wp:featuredmedia":[{"embeddable":true,"href":"https:\/\/gradski.me\/en\/wp-json\/wp\/v2\/media\/899887"}],"wp:attachment":[{"href":"https:\/\/gradski.me\/en\/wp-json\/wp\/v2\/media?parent=900505"}],"wp:term":[{"taxonomy":"category","embeddable":true,"href":"https:\/\/gradski.me\/en\/wp-json\/wp\/v2\/categories?post=900505"},{"taxonomy":"post_tag","embeddable":true,"href":"https:\/\/gradski.me\/en\/wp-json\/wp\/v2\/tags?post=900505"},{"taxonomy":"naslovna","embeddable":true,"href":"https:\/\/gradski.me\/en\/wp-json\/wp\/v2\/naslovna?post=900505"}],"curies":[{"name":"wp","href":"https:\/\/api.w.org\/{rel}","templated":true}]}}