{"id":900491,"date":"2026-01-21T19:48:00","date_gmt":"2026-01-21T18:48:00","guid":{"rendered":"https:\/\/new.gradski.me\/uncategorized\/zakelj-nismo-bili-na-nivou-alimpijevic-odigrali-smo-odlican-mec\/"},"modified":"2026-01-21T19:48:00","modified_gmt":"2026-01-21T18:48:00","slug":"zakelj-nismo-bili-na-nivou-alimpijevic-odigrali-smo-odlican-mec","status":"publish","type":"post","link":"https:\/\/gradski.me\/en\/sport\/zakelj-nismo-bili-na-nivou-alimpijevic-odigrali-smo-odlican-mec\/","title":{"rendered":"\u017dakelj: Nismo bili na nivou; Alimpijevi\u0107: Odigrali smo odli\u010dan me\u010d"},"content":{"rendered":"<p>&#8222;Plavi&#8220; su nakon ovog poraza pali na peto mjesto (9-6), a isti u\u010dinak ima Trento uz bolji me\u0111usobni skor. Turk Telekom je preuzeo tre\u0107u poziciju (10-5).<\/p>\n\n\n\n<p>&#8222;\u010cestitke doma\u0107oj ekipi. Mislim da su bili mnogo \u010dvr\u0161\u0107i, mnogo bolji u svakom elementu. Mi nismo bili na nivou koji ja \u017eelim i na kom bi morali da budemo za ovu vrstu utakmica &#8211; govorimo o fizikalijama i fokusu. Zaslu\u017eili su pobjedu&#8220;, rekao je trener Budu\u0107nosti, Andrej \u017dakelj nakon utakmice. <\/p>\n\n\n\n<p>Be\u0161ikta\u0161 je preuzeo lidersko mejsto od Burga. <\/p>\n\n\n\n<p>&#8222;Imamo jo\u0161 tri kola ni\u0161ta nije zavr\u0161eno, Burg tako\u0111e ima isti broj pobjeda, pred nama su va\u017ene utakmice, ali idemo u dobrom pravcu. Odigrali smo odli\u010dnu utakmicu, kontrolisali smo ritam, kontrolisali smo brzinu, znali smo \u0161ta \u017eelimo od ove utakmice i kako \u017eelimo da ih napadamo i bila je veoma dobra utakmica sa na\u0161e strane&#8220;, rekao je trener ekipe iz Istanbula, Du\u0161an Alimpijevi\u0107. <\/p>\n\n\n\n<figure class=\"wp-block-embed is-type-wp-embed is-provider-gradski-portal wp-block-embed-gradski-portal\"><div class=\"wp-block-embed__wrapper\">\nhttps:\/\/gradski.me\/buducnost-nemocna-u-istanbulu-besiktas-serijom-200-rijesio-utakmicu\/\n<\/div><\/figure>","protected":false},"excerpt":{"rendered":"<p>Budu\u0107nost je bila daleko od iznena\u0111enja u Istanbulu &#8211; Be\u0161ikta\u0161 je &#8222;zaledio&#8220; crnogorskog \u0161ampiona na Bosforu na minus 22 (96:74) u me\u010du 15. kola Evrokupa.<\/p>","protected":false},"author":7,"featured_media":899087,"comment_status":"open","ping_status":"open","sticky":false,"template":"","format":"standard","meta":{"_acf_changed":false,"footnotes":"","jetpack_publicize_message":"","jetpack_publicize_feature_enabled":true,"jetpack_social_post_already_shared":false,"jetpack_social_options":{"image_generator_settings":{"template":"highway","default_image_id":0,"font":"","enabled":false},"version":2}},"categories":[15],"tags":[9074,11112,9179,7928,1421],"naslovna":[],"class_list":["post-900491","post","type-post","status-publish","format-standard","has-post-thumbnail","hentry","category-sport","tag-andrej-zakelj","tag-besiktas","tag-dusan-alimpijevic","tag-evrokup","tag-kk-buducnost-voli"],"acf":[],"jetpack_publicize_connections":[],"_links":{"self":[{"href":"https:\/\/gradski.me\/en\/wp-json\/wp\/v2\/posts\/900491","targetHints":{"allow":["GET"]}}],"collection":[{"href":"https:\/\/gradski.me\/en\/wp-json\/wp\/v2\/posts"}],"about":[{"href":"https:\/\/gradski.me\/en\/wp-json\/wp\/v2\/types\/post"}],"author":[{"embeddable":true,"href":"https:\/\/gradski.me\/en\/wp-json\/wp\/v2\/users\/7"}],"replies":[{"embeddable":true,"href":"https:\/\/gradski.me\/en\/wp-json\/wp\/v2\/comments?post=900491"}],"version-history":[{"count":0,"href":"https:\/\/gradski.me\/en\/wp-json\/wp\/v2\/posts\/900491\/revisions"}],"wp:featuredmedia":[{"embeddable":true,"href":"https:\/\/gradski.me\/en\/wp-json\/wp\/v2\/media\/899087"}],"wp:attachment":[{"href":"https:\/\/gradski.me\/en\/wp-json\/wp\/v2\/media?parent=900491"}],"wp:term":[{"taxonomy":"category","embeddable":true,"href":"https:\/\/gradski.me\/en\/wp-json\/wp\/v2\/categories?post=900491"},{"taxonomy":"post_tag","embeddable":true,"href":"https:\/\/gradski.me\/en\/wp-json\/wp\/v2\/tags?post=900491"},{"taxonomy":"naslovna","embeddable":true,"href":"https:\/\/gradski.me\/en\/wp-json\/wp\/v2\/naslovna?post=900491"}],"curies":[{"name":"wp","href":"https:\/\/api.w.org\/{rel}","templated":true}]}}