{"id":900473,"date":"2026-01-21T20:23:00","date_gmt":"2026-01-21T19:23:00","guid":{"rendered":"https:\/\/new.gradski.me\/uncategorized\/bbc-o-trampovom-govoru-u-davosu-evropa-pred-opasnom-dilemom\/"},"modified":"2026-01-21T20:23:00","modified_gmt":"2026-01-21T19:23:00","slug":"bbc-o-trampovom-govoru-u-davosu-evropa-pred-opasnom-dilemom","status":"publish","type":"post","link":"https:\/\/gradski.me\/en\/svijet\/bbc-o-trampovom-govoru-u-davosu-evropa-pred-opasnom-dilemom\/","title":{"rendered":"BBC o Trampovom govoru u Davosu: Evropa pred opasnom dilemom"},"content":{"rendered":"<p><\/p>\n\n\n\n<p>Diplomatija zasad nije dala rezultate. Ministri spoljnih poslova Danske i Grenlanda vratili su se praznih ruku s razgovora u Va\u0161ingtonu.<\/p>\n\n\n\n<h2 class=\"wp-block-heading\">Sve \u010de\u0161\u0107e se govori o \u010dvr\u0161\u0107em stavu<\/h2>\n\n\n\n<p>Zbog toga se sada sve \u010de\u0161\u0107e govori o potrebi zauzimanja \u010dvr\u0161\u0107eg stava prema Trampu, pri \u010demu su francuski predsjednik Emanuel Makron i njema\u010dki kancelar Fridrih Merc, iako nevoljno, spomenuli mogu\u0107nost uvo\u0111enja uzvratnih trgovinskih sankcija na ameri\u010dki uvoz.<\/p>\n\n\n\n<p>Me\u0111utim, iako bi takav pristup mo\u017eda, barem teoretski, mogao dovesti do ameri\u010dkog povla\u010denja, istovremeno predstavlja i igranje s vatrom.&nbsp;<\/p>\n\n\n\n<p>Zapadna odbrana i sigurnost i dalje su u velikoj mjeri ovisne o Sjedinjenim Dr\u017eavama, navodi analiti\u010dar BBC-ja.<\/p>\n\n\n\n<p>Bilo da se radi o tome da SAD osigurava najve\u0107i dio povjerljivih obavje\u0161tajnih podataka u okviru saveza Five Eyes, koji okuplja SAD, Ujedinjeno Kraljevstvo, Kanadu, Australiju i Novi Zeland, ili o servisiranju i odr\u017eavanju britanskih projektila Trident koji nose nuklearno odvra\u0107anje Ujedinjenog Kraljevstva, ameri\u010dka uloga ostaje gotovo nezamjenjiva za bezbjednost Ujedinjenog Kraljevstva i NATO, stoji u analizi, prenosi\u00a0<a href=\"https:\/\/www.index.hr\/vijesti\/clanak\/bbc-o-trumpovu-govoru-europa-je-sad-pred-teskom-i-opasnom-dilemom\/2752444.aspx\" target=\"_blank\" rel=\"noreferrer noopener\">Index.hr<\/a>.<\/p>\n\n\n\n<p>U aktuelnom\u00a0politi\u010dkom raspolo\u017eenju predsjednika Trampa\u00a0te\u0161ko je procijeniti dokle je spreman i\u0107i ako ne dobije ono \u0161to \u017eeli, zaklju\u010duje BBC.<\/p>","protected":false},"excerpt":{"rendered":"<p>Evropski saveznici SAD u NATO suo\u010deni su s te\u0161kom i opasnom dilemom kada je rije\u010d o tome kako odgovoriti na odlu\u010dnost Donalda Trampa da preuzme Grenland, navodi u analizi Trampovog govora u Davosu Frenk Gardner, dopisnik BBC-ja za bezbjednosna pitanja.<\/p>","protected":false},"author":4,"featured_media":900474,"comment_status":"open","ping_status":"open","sticky":false,"template":"","format":"standard","meta":{"_acf_changed":false,"footnotes":"","jetpack_publicize_message":"","jetpack_publicize_feature_enabled":true,"jetpack_social_post_already_shared":false,"jetpack_social_options":{"image_generator_settings":{"template":"highway","default_image_id":0,"font":"","enabled":false},"version":2}},"categories":[14],"tags":[6588,230,1723,17338],"naslovna":[],"class_list":["post-900473","post","type-post","status-publish","format-standard","has-post-thumbnail","hentry","category-svijet","tag-bbc","tag-donald-tramp","tag-evropa","tag-govor"],"acf":[],"jetpack_publicize_connections":[],"_links":{"self":[{"href":"https:\/\/gradski.me\/en\/wp-json\/wp\/v2\/posts\/900473","targetHints":{"allow":["GET"]}}],"collection":[{"href":"https:\/\/gradski.me\/en\/wp-json\/wp\/v2\/posts"}],"about":[{"href":"https:\/\/gradski.me\/en\/wp-json\/wp\/v2\/types\/post"}],"author":[{"embeddable":true,"href":"https:\/\/gradski.me\/en\/wp-json\/wp\/v2\/users\/4"}],"replies":[{"embeddable":true,"href":"https:\/\/gradski.me\/en\/wp-json\/wp\/v2\/comments?post=900473"}],"version-history":[{"count":0,"href":"https:\/\/gradski.me\/en\/wp-json\/wp\/v2\/posts\/900473\/revisions"}],"wp:featuredmedia":[{"embeddable":true,"href":"https:\/\/gradski.me\/en\/wp-json\/wp\/v2\/media\/900474"}],"wp:attachment":[{"href":"https:\/\/gradski.me\/en\/wp-json\/wp\/v2\/media?parent=900473"}],"wp:term":[{"taxonomy":"category","embeddable":true,"href":"https:\/\/gradski.me\/en\/wp-json\/wp\/v2\/categories?post=900473"},{"taxonomy":"post_tag","embeddable":true,"href":"https:\/\/gradski.me\/en\/wp-json\/wp\/v2\/tags?post=900473"},{"taxonomy":"naslovna","embeddable":true,"href":"https:\/\/gradski.me\/en\/wp-json\/wp\/v2\/naslovna?post=900473"}],"curies":[{"name":"wp","href":"https:\/\/api.w.org\/{rel}","templated":true}]}}