{"id":900454,"date":"2026-01-21T17:18:00","date_gmt":"2026-01-21T16:18:00","guid":{"rendered":"https:\/\/new.gradski.me\/uncategorized\/marka-cabi-planira-pauzu-ali-ako-pozove-liverpul-odmah-ce-prihvatiti-ponudu\/"},"modified":"2026-01-21T17:18:00","modified_gmt":"2026-01-21T16:18:00","slug":"marka-cabi-planira-pauzu-ali-ako-pozove-liverpul-odmah-ce-prihvatiti-ponudu","status":"publish","type":"post","link":"https:\/\/gradski.me\/en\/sport\/marka-cabi-planira-pauzu-ali-ako-pozove-liverpul-odmah-ce-prihvatiti-ponudu\/","title":{"rendered":"Marka: \u0106abi planira pauzu, ali ako pozove Liverpul odmah \u0107e prihvatiti ponudu"},"content":{"rendered":"<p>Sada bi taj odnos ponovo mogao da o\u017eivi.<\/p>\n\n\n\n<p>\u0106abi Alonso, doskora\u0161nji trener Reala, spreman je da preuzme Liverpul ukoliko ga klub pozove.<\/p>\n\n\n\n<p>Kako je objavila Marka, Alonso planira da uzme kratku pauzu od trenerskog posla, ali \u0107e od toga odustati ako pozovu \u201credsi\u201d.<\/p>\n\n\n\n<p>\u201cOn bi odmah prihvatio posao, jer zaista voli taj klub\u201d, dodaje Marka.<\/p>","protected":false},"excerpt":{"rendered":"<p>Sa Liverpulom je bio na krovu Evrope, pored Stivena D\u017eerarda \u010dinio jedan od najboljih veznih redova u svijetu fudbala, a sa navija\u010dima uvijek imao poseban odnos.<\/p>","protected":false},"author":7,"featured_media":898671,"comment_status":"open","ping_status":"open","sticky":false,"template":"","format":"standard","meta":{"_acf_changed":false,"footnotes":"","jetpack_publicize_message":"","jetpack_publicize_feature_enabled":true,"jetpack_social_post_already_shared":false,"jetpack_social_options":{"image_generator_settings":{"template":"highway","default_image_id":0,"font":"","enabled":false},"version":2}},"categories":[15],"tags":[13515,1934],"naslovna":[],"class_list":["post-900454","post","type-post","status-publish","format-standard","has-post-thumbnail","hentry","category-sport","tag-cabi-alonso","tag-liverpul"],"acf":[],"jetpack_publicize_connections":[],"_links":{"self":[{"href":"https:\/\/gradski.me\/en\/wp-json\/wp\/v2\/posts\/900454","targetHints":{"allow":["GET"]}}],"collection":[{"href":"https:\/\/gradski.me\/en\/wp-json\/wp\/v2\/posts"}],"about":[{"href":"https:\/\/gradski.me\/en\/wp-json\/wp\/v2\/types\/post"}],"author":[{"embeddable":true,"href":"https:\/\/gradski.me\/en\/wp-json\/wp\/v2\/users\/7"}],"replies":[{"embeddable":true,"href":"https:\/\/gradski.me\/en\/wp-json\/wp\/v2\/comments?post=900454"}],"version-history":[{"count":0,"href":"https:\/\/gradski.me\/en\/wp-json\/wp\/v2\/posts\/900454\/revisions"}],"wp:featuredmedia":[{"embeddable":true,"href":"https:\/\/gradski.me\/en\/wp-json\/wp\/v2\/media\/898671"}],"wp:attachment":[{"href":"https:\/\/gradski.me\/en\/wp-json\/wp\/v2\/media?parent=900454"}],"wp:term":[{"taxonomy":"category","embeddable":true,"href":"https:\/\/gradski.me\/en\/wp-json\/wp\/v2\/categories?post=900454"},{"taxonomy":"post_tag","embeddable":true,"href":"https:\/\/gradski.me\/en\/wp-json\/wp\/v2\/tags?post=900454"},{"taxonomy":"naslovna","embeddable":true,"href":"https:\/\/gradski.me\/en\/wp-json\/wp\/v2\/naslovna?post=900454"}],"curies":[{"name":"wp","href":"https:\/\/api.w.org\/{rel}","templated":true}]}}