{"id":900398,"date":"2026-01-21T13:27:46","date_gmt":"2026-01-21T12:27:46","guid":{"rendered":"https:\/\/new.gradski.me\/uncategorized\/krivicna-protiv-drzavljanina-hrvatske-uzeo-3-000-eura-a-nije-postavio-pvc-bravariju\/"},"modified":"2026-01-21T13:27:46","modified_gmt":"2026-01-21T12:27:46","slug":"krivicna-protiv-drzavljanina-hrvatske-uzeo-3-000-eura-a-nije-postavio-pvc-bravariju","status":"publish","type":"post","link":"https:\/\/gradski.me\/en\/hronika\/krivicna-protiv-drzavljanina-hrvatske-uzeo-3-000-eura-a-nije-postavio-pvc-bravariju\/","title":{"rendered":"Krivi\u010dna protiv dr\u017eavljanina Hrvatske: Uzeo 3.000 eura, a nije postavio pvc bravariju"},"content":{"rendered":"<p><\/p>\n\n\n\n<p><\/p>\n\n\n\n<p>&#8222;Kako se sumnja, \u0110.\u010c. je kao osniva\u010d, ovla\u0161\u0107eni zastupnik i izvr\u0161ni direktor privrednog dru\u0161tva \u201eF.T.\u201c doo iz Herceg Novog, po\u010detkom 2024. godine sa o\u0161te\u0107enim, dr\u017eavljaninom Poljske sa privremenim boravkom u Herceg Novom ugovorio izradu i monta\u017eu PVC stolarije na stambenom objektu u naselju Mojde\u017e, koji je u vlasni\u0161tvu poljskih dr\u017eavljana&#8220;, navodi se u saop\u0161tenju.<\/p>\n\n\n\n<p>Prijavljeni je sa o\u0161te\u0107enim tom prilikom ugovorio ukupnu cijenu radova i monta\u017ee u iznosu od 3.450 eura, od \u010dega je o\u0161te\u0107eni kao avans predao 2.450 eura, dok je preostali iznos trebalo da plati nakon zavr\u0161etka radova.<\/p>\n\n\n\n<p>&#8222;Nakon toga, tokom 2025. godine, o\u0161te\u0107eni i prijavljeni su zaklju\u010dili dodatni ugovor, prema kojem je o\u0161te\u0107eni prijavljenom predao jo\u0161 500 eura, uz obavezu da \u0110.\u010c. u roku od 15 dana od zaklju\u010denja ugovora izvr\u0161i ugovorene radove. S obzirom na to da prijavljeni nije ispunio ugovorne obaveze, stalno prolongiraju\u0107i rokove i dovode\u0107i o\u0161te\u0107enog u zabludu, a da pritom nije o\u0161te\u0107enom vratio preuzeti novac, o\u0161te\u0107eni je protiv njega podnio krivi\u010dnu prijavu. Imaju\u0107i u vidu navedeno, dr\u017eavni tu\u017eilac u Osnovnom dr\u017eavnom tu\u017eila\u0161tvu u Herceg Novom je nalo\u017eio da se protiv \u0110.\u010c. podnese krivi\u010dna prijava zbog sumnje da je po\u010dinio navedeno krivi\u010dno djelo&#8220;, kazali su u saop\u0161tenju.<\/p>","protected":false},"excerpt":{"rendered":"<p>Slu\u017ebenici Odjeljenja bezbjednosti Herceg Novi \u2013 Jedinice za suzbijanje ekonomskog kriminala su postupaju\u0107i po prijavi o\u0161te\u0107enog lica, dr\u017eavljanina Poljske, Osnovnom dr\u017eavnom tu\u017eila\u0161tvu u Herceg Novom danas podnijeli krivi\u010dnu prijavu protiv \u0110.\u010c. (32), dr\u017eavljanina Republike Hrvatske sa stalnim boravkom u Herceg Novom, zbog sumnje da je izvr\u0161io krivi\u010dno djelo prevara, saop\u0161teno je iz Uprave policije.<\/p>","protected":false},"author":8,"featured_media":896565,"comment_status":"open","ping_status":"open","sticky":false,"template":"","format":"standard","meta":{"_acf_changed":false,"footnotes":"","jetpack_publicize_message":"","jetpack_publicize_feature_enabled":true,"jetpack_social_post_already_shared":false,"jetpack_social_options":{"image_generator_settings":{"template":"highway","default_image_id":0,"font":"","enabled":false},"version":2}},"categories":[10],"tags":[17302,2969,4370],"naslovna":[],"class_list":["post-900398","post","type-post","status-publish","format-standard","has-post-thumbnail","hentry","category-hronika","tag-bravarija","tag-hronika","tag-novi"],"acf":[],"jetpack_publicize_connections":[],"_links":{"self":[{"href":"https:\/\/gradski.me\/en\/wp-json\/wp\/v2\/posts\/900398","targetHints":{"allow":["GET"]}}],"collection":[{"href":"https:\/\/gradski.me\/en\/wp-json\/wp\/v2\/posts"}],"about":[{"href":"https:\/\/gradski.me\/en\/wp-json\/wp\/v2\/types\/post"}],"author":[{"embeddable":true,"href":"https:\/\/gradski.me\/en\/wp-json\/wp\/v2\/users\/8"}],"replies":[{"embeddable":true,"href":"https:\/\/gradski.me\/en\/wp-json\/wp\/v2\/comments?post=900398"}],"version-history":[{"count":0,"href":"https:\/\/gradski.me\/en\/wp-json\/wp\/v2\/posts\/900398\/revisions"}],"wp:featuredmedia":[{"embeddable":true,"href":"https:\/\/gradski.me\/en\/wp-json\/wp\/v2\/media\/896565"}],"wp:attachment":[{"href":"https:\/\/gradski.me\/en\/wp-json\/wp\/v2\/media?parent=900398"}],"wp:term":[{"taxonomy":"category","embeddable":true,"href":"https:\/\/gradski.me\/en\/wp-json\/wp\/v2\/categories?post=900398"},{"taxonomy":"post_tag","embeddable":true,"href":"https:\/\/gradski.me\/en\/wp-json\/wp\/v2\/tags?post=900398"},{"taxonomy":"naslovna","embeddable":true,"href":"https:\/\/gradski.me\/en\/wp-json\/wp\/v2\/naslovna?post=900398"}],"curies":[{"name":"wp","href":"https:\/\/api.w.org\/{rel}","templated":true}]}}