{"id":900106,"date":"2026-01-20T08:31:00","date_gmt":"2026-01-20T07:31:00","guid":{"rendered":"https:\/\/new.gradski.me\/uncategorized\/uhapsen-albanski-drzavljanin-falsifikovao-isprave\/"},"modified":"2026-01-20T08:31:00","modified_gmt":"2026-01-20T07:31:00","slug":"uhapsen-albanski-drzavljanin-falsifikovao-isprave","status":"publish","type":"post","link":"https:\/\/gradski.me\/en\/hronika\/uhapsen-albanski-drzavljanin-falsifikovao-isprave\/","title":{"rendered":"Uhap\u0161en albanski dr\u017eavljanin, falsifikovao isprave"},"content":{"rendered":"<p><\/p>\n\n\n\n<p>&#8220;Pregledom vozila marke \u201eVW Touran\u201c, njema\u010dkih registarskih oznaka, kojim je imenovani upravljao, utvr\u0111eno je nepoklapanje broja \u0161asije vozila sa brojem navedenim u saobra\u0107ajnoj dozvoli. Tako\u0111e, utvr\u0111eno je da su na vozilu kori\u0161\u0107ene registarske oznake koje pripadaju drugom vozilu&#8220;, navode iz UP.<\/p>\n\n\n\n<p>R.O. je, nakon sprovedene kriminalisti\u010dke obrade, po nalogu dr\u017eavnog tu\u017eioca u Osnovnom dr\u017eavnom tu\u017eila\u0161tvu u Podgorici, li\u0161en slobode zbog sumnje da je izvr\u0161io krivi\u010dno djelo falsifikovanje isprave.<\/p>\n\n\n\n<p>&#8220;Imenovani \u0107e danas, uz krivi\u010dnu prijavu, biti priveden Osnovnom dr\u017eavnom tu\u017eila\u0161tvu u Podgorici&#8220;, zaklju\u010duju iz Uprave policije.<\/p>","protected":false},"excerpt":{"rendered":"<p>Policijski slu\u017ebenici Regionalnog centra grani\u010dne policije \u201eCentar\u201c \u2013 Stanice grani\u010dne policije Podgorica izvr\u0161ili su na grani\u010dnom prelazu Bo\u017eaj grani\u010dnu provjeru lica R.O. (59), dr\u017eavljanina Republike Albanije, saop\u0161teno je iz Uprave policije.<\/p>","protected":false},"author":4,"featured_media":900107,"comment_status":"open","ping_status":"open","sticky":false,"template":"","format":"standard","meta":{"_acf_changed":false,"footnotes":"","jetpack_publicize_message":"","jetpack_publicize_feature_enabled":true,"jetpack_social_post_already_shared":false,"jetpack_social_options":{"image_generator_settings":{"template":"highway","default_image_id":0,"font":"","enabled":false},"version":2}},"categories":[10],"tags":[3805,17210,693],"naslovna":[],"class_list":["post-900106","post","type-post","status-publish","format-standard","has-post-thumbnail","hentry","category-hronika","tag-albanski-drzavljanin","tag-falsifikovane-isprave","tag-hapsenje"],"acf":[],"jetpack_publicize_connections":[],"_links":{"self":[{"href":"https:\/\/gradski.me\/en\/wp-json\/wp\/v2\/posts\/900106","targetHints":{"allow":["GET"]}}],"collection":[{"href":"https:\/\/gradski.me\/en\/wp-json\/wp\/v2\/posts"}],"about":[{"href":"https:\/\/gradski.me\/en\/wp-json\/wp\/v2\/types\/post"}],"author":[{"embeddable":true,"href":"https:\/\/gradski.me\/en\/wp-json\/wp\/v2\/users\/4"}],"replies":[{"embeddable":true,"href":"https:\/\/gradski.me\/en\/wp-json\/wp\/v2\/comments?post=900106"}],"version-history":[{"count":0,"href":"https:\/\/gradski.me\/en\/wp-json\/wp\/v2\/posts\/900106\/revisions"}],"wp:featuredmedia":[{"embeddable":true,"href":"https:\/\/gradski.me\/en\/wp-json\/wp\/v2\/media\/900107"}],"wp:attachment":[{"href":"https:\/\/gradski.me\/en\/wp-json\/wp\/v2\/media?parent=900106"}],"wp:term":[{"taxonomy":"category","embeddable":true,"href":"https:\/\/gradski.me\/en\/wp-json\/wp\/v2\/categories?post=900106"},{"taxonomy":"post_tag","embeddable":true,"href":"https:\/\/gradski.me\/en\/wp-json\/wp\/v2\/tags?post=900106"},{"taxonomy":"naslovna","embeddable":true,"href":"https:\/\/gradski.me\/en\/wp-json\/wp\/v2\/naslovna?post=900106"}],"curies":[{"name":"wp","href":"https:\/\/api.w.org\/{rel}","templated":true}]}}