{"id":900091,"date":"2026-01-20T07:23:00","date_gmt":"2026-01-20T06:23:00","guid":{"rendered":"https:\/\/new.gradski.me\/uncategorized\/konsultacije-o-nacrtu-programa-pristupanja-crne-gore-eu-2026-2027\/"},"modified":"2026-01-20T07:23:00","modified_gmt":"2026-01-20T06:23:00","slug":"konsultacije-o-nacrtu-programa-pristupanja-crne-gore-eu-2026-2027","status":"publish","type":"post","link":"https:\/\/gradski.me\/en\/politika\/konsultacije-o-nacrtu-programa-pristupanja-crne-gore-eu-2026-2027\/","title":{"rendered":"Konsultacije o Nacrtu programa pristupanja Crne Gore EU 2026 \u2013 2027"},"content":{"rendered":"<p><\/p>\n\n\n\n<p>Program pristupanja Crne Gore EU (PPCG) krovni je strategijski dokument procesa evropske integracije koji defini\u0161e obim i dinamiku reformi koje su potrebne za uskla\u0111ivanje Crne Gore sa pravnom tekovinom Evropske unije (EU).<\/p>\n\n\n\n<p>\u201cCilj konsultacija je predstavljanje dokumenta i omogu\u0107avanje svim relevantnim akterima da uka\u017eu na potencijalna unapre\u0111enja, u cilju obezbje\u0111ivanja adekvatne dinamike pripreme Crne Gore za \u010dlanstvo u EU\u201d, rekli su iz MEP-a.<\/p>\n\n\n\n<p>Kako je njavljeno, dr\u017eavna sekretarka u MEP-u Biljana Papovi\u0107 i vr\u0161ilac du\u017enosti generalnog direktora Direktorata za pristupanje Crne Gore EU i pravnu tekovinu EU, Denis Vukoti\u0107, predstavi\u0107e dokument i odgovarati na pitanja predstavnika civilnog sektora.<\/p>","protected":false},"excerpt":{"rendered":"<p>Ministarstvo evropskih poslova (MEP) predstavi\u0107e danas Nacrt programa pristupanja Crne Gore Evropskoj uniji (EU) za ovu i narednu godinu i odr\u017eati konsultacije sa predstavnicima civilnog sektora.<\/p>","protected":false},"author":4,"featured_media":897653,"comment_status":"open","ping_status":"open","sticky":false,"template":"","format":"standard","meta":{"_acf_changed":false,"footnotes":"","jetpack_publicize_message":"","jetpack_publicize_feature_enabled":true,"jetpack_social_post_already_shared":false,"jetpack_social_options":{"image_generator_settings":{"template":"highway","default_image_id":0,"font":"","enabled":false},"version":2}},"categories":[7],"tags":[17197,17039,1729,17198],"naslovna":[],"class_list":["post-900091","post","type-post","status-publish","format-standard","has-post-thumbnail","hentry","category-politika","tag-2026-2027","tag-konsultacije","tag-nacrt","tag-program-pristupanja-crne-gore-eu"],"acf":[],"jetpack_publicize_connections":[],"_links":{"self":[{"href":"https:\/\/gradski.me\/en\/wp-json\/wp\/v2\/posts\/900091","targetHints":{"allow":["GET"]}}],"collection":[{"href":"https:\/\/gradski.me\/en\/wp-json\/wp\/v2\/posts"}],"about":[{"href":"https:\/\/gradski.me\/en\/wp-json\/wp\/v2\/types\/post"}],"author":[{"embeddable":true,"href":"https:\/\/gradski.me\/en\/wp-json\/wp\/v2\/users\/4"}],"replies":[{"embeddable":true,"href":"https:\/\/gradski.me\/en\/wp-json\/wp\/v2\/comments?post=900091"}],"version-history":[{"count":0,"href":"https:\/\/gradski.me\/en\/wp-json\/wp\/v2\/posts\/900091\/revisions"}],"wp:featuredmedia":[{"embeddable":true,"href":"https:\/\/gradski.me\/en\/wp-json\/wp\/v2\/media\/897653"}],"wp:attachment":[{"href":"https:\/\/gradski.me\/en\/wp-json\/wp\/v2\/media?parent=900091"}],"wp:term":[{"taxonomy":"category","embeddable":true,"href":"https:\/\/gradski.me\/en\/wp-json\/wp\/v2\/categories?post=900091"},{"taxonomy":"post_tag","embeddable":true,"href":"https:\/\/gradski.me\/en\/wp-json\/wp\/v2\/tags?post=900091"},{"taxonomy":"naslovna","embeddable":true,"href":"https:\/\/gradski.me\/en\/wp-json\/wp\/v2\/naslovna?post=900091"}],"curies":[{"name":"wp","href":"https:\/\/api.w.org\/{rel}","templated":true}]}}