{"id":900058,"date":"2026-01-19T20:44:00","date_gmt":"2026-01-19T19:44:00","guid":{"rendered":"https:\/\/new.gradski.me\/uncategorized\/evropska-komisija-ima-protivmjere-ako-sad-uvedu-carine-zbog-grenlanda\/"},"modified":"2026-01-19T20:44:00","modified_gmt":"2026-01-19T19:44:00","slug":"evropska-komisija-ima-protivmjere-ako-sad-uvedu-carine-zbog-grenlanda","status":"publish","type":"post","link":"https:\/\/gradski.me\/en\/svijet\/evropska-komisija-ima-protivmjere-ako-sad-uvedu-carine-zbog-grenlanda\/","title":{"rendered":"Evropska komisija ima protivmjere ako SAD uvedu carine zbog Grenlanda"},"content":{"rendered":"<p><br><\/p>\n\n\n\n<p><\/p>\n\n\n\n<p>&#8222;Imamo sredstva na raspolaganju i spremni smo da ih upotrijebimo kako bismo za\u0161titili na\u0161e ekonomske interese&#8220;, izjavio je Gil, dodaju\u0107i da se EU zala\u017ee za konsultacije umjesto eskalacije.<\/p>\n\n\n\n<p>Potvrdio je da je evropska strana &#8222;u stalnim konsultacijama sa ameri\u010dkom stranom&#8220;, na svim nivoima, uklju\u010duju\u0107i i politi\u010dki, kako bi se na odgovoran na\u010din prona\u0161lo rje\u0161enje.<\/p>\n\n\n\n<p>Potpredsjednik Evropske komisije Stefan Se\u017eurne (St\u00e9phane S\u00e9journ\u00e9) ocijenio je da je prijetnja ameri\u010dkog predsjednika Donalda Trampa (Trump) o uvo\u0111enju dodatnih carina evropskim zemljama &#8222;\u0161kolski primjer prisile&#8220;.<\/p>\n\n\n\n<p>&#8222;Ono \u0161to do\u017eivljavamo jeste \u0161kolski primjer prisile. Mo\u017eda je prvi korak za Evropsku komisiju da prepozna da se trgovinski instrument, u ovom slu\u010daju carine, koristi kako bi nas se ucijenilo da odustanemo od Grenlanda. Ovo je danas \u0161kolski slu\u010daj, a definicija prisile je vrlo jasna u evropskim tekstovima&#8220;, rekao je Se\u017eurne za francuski radio.<\/p>\n\n\n\n<p>Pokretanje evropskog &#8222;instrumenta protiv prisile&#8220; zatra\u017eio je francuski predsjednik Emanuel Makron (Emmanuel Macron) neposredno nakon \u0161to je ameri\u010dki predsjednik najavio da \u0107e uvesti carine pojedinim evropskim dr\u017eavama jer su se javno usprotivile njegovim nastojanjima da preuzme kontrolu nad Grenlandom i poslale vojno osoblje na ostrvo u znak podr\u0161ke Danskoj i prisustvu NATO-a.<\/p>\n\n\n\n<p><\/p>","protected":false},"excerpt":{"rendered":"<p>Evropska komisija ima na raspolaganju protivmjere ako ameri\u010dka administracija ostvari prijetnje i nametne dodatne carine pojedinim \u010dlanicama Evropske unije, izjavio je u ponedjeljak portparol Komisije Olof Gil, ali i naglasio da su evropske institucije &#8222;uzdr\u017eane&#8220; i da se zala\u017eu za konsultacije, prenosi Radio Slobodna Evropa.<\/p>","protected":false},"author":5,"featured_media":900059,"comment_status":"open","ping_status":"open","sticky":false,"template":"","format":"standard","meta":{"_acf_changed":false,"footnotes":"","jetpack_publicize_message":"","jetpack_publicize_feature_enabled":true,"jetpack_social_post_already_shared":false,"jetpack_social_options":{"image_generator_settings":{"template":"highway","default_image_id":0,"font":"","enabled":false},"version":2}},"categories":[14],"tags":[2958,16067,2991],"naslovna":[],"class_list":["post-900058","post","type-post","status-publish","format-standard","has-post-thumbnail","hentry","category-svijet","tag-evropska-komisija","tag-grenland","tag-mjere"],"acf":[],"jetpack_publicize_connections":[],"_links":{"self":[{"href":"https:\/\/gradski.me\/en\/wp-json\/wp\/v2\/posts\/900058","targetHints":{"allow":["GET"]}}],"collection":[{"href":"https:\/\/gradski.me\/en\/wp-json\/wp\/v2\/posts"}],"about":[{"href":"https:\/\/gradski.me\/en\/wp-json\/wp\/v2\/types\/post"}],"author":[{"embeddable":true,"href":"https:\/\/gradski.me\/en\/wp-json\/wp\/v2\/users\/5"}],"replies":[{"embeddable":true,"href":"https:\/\/gradski.me\/en\/wp-json\/wp\/v2\/comments?post=900058"}],"version-history":[{"count":0,"href":"https:\/\/gradski.me\/en\/wp-json\/wp\/v2\/posts\/900058\/revisions"}],"wp:featuredmedia":[{"embeddable":true,"href":"https:\/\/gradski.me\/en\/wp-json\/wp\/v2\/media\/900059"}],"wp:attachment":[{"href":"https:\/\/gradski.me\/en\/wp-json\/wp\/v2\/media?parent=900058"}],"wp:term":[{"taxonomy":"category","embeddable":true,"href":"https:\/\/gradski.me\/en\/wp-json\/wp\/v2\/categories?post=900058"},{"taxonomy":"post_tag","embeddable":true,"href":"https:\/\/gradski.me\/en\/wp-json\/wp\/v2\/tags?post=900058"},{"taxonomy":"naslovna","embeddable":true,"href":"https:\/\/gradski.me\/en\/wp-json\/wp\/v2\/naslovna?post=900058"}],"curies":[{"name":"wp","href":"https:\/\/api.w.org\/{rel}","templated":true}]}}